{"id":998,"date":"2022-10-15T20:47:57","date_gmt":"2022-10-15T20:47:57","guid":{"rendered":"https:\/\/fresenspegel.de\/?p=998"},"modified":"2023-12-23T20:07:25","modified_gmt":"2023-12-23T20:07:25","slug":"aurich-im-wandel","status":"publish","type":"post","link":"https:\/\/fresenspegel.de\/?p=998","title":{"rendered":"Aurich im Wandel"},"content":{"rendered":"\n<p class=\"has-text-align-center\"><strong>Fl\u00fcchtlinge, die zu erwartende Ver\u00e4nderung der Krankenhauslandschaft in Ostfriesland und wirtschaftlich bedingte Ver\u00e4nderungen des Stadtbildes, die k\u00fcstennahe Kreisstadt sieht sich im gesellschaftlichen Wandel. Wir sprachen mit Horst Feddermann, parteiloser B\u00fcrgermeister der Stadt.<\/strong><\/p>\n\n\n\n<figure class=\"wp-block-audio\"><audio controls src=\"https:\/\/fresenspegel.de\/wp-content\/uploads\/2022\/10\/Feddermann-221013.mp3\"><\/audio><figcaption>Das Interview mit Horst Feddermann fand am 13. 10. 2022 im Rathaus Aurich statt. Im Gespr\u00e4ch: Hans-Joachim Steinsiek, Dornum.<\/figcaption><\/figure>\n\n\n\n<p><\/p>\n\n\n\n<p><strong>Horst Feddermann im Netz: <a href=\"http:\/\/horst-feddermann.de\/lebenslauf\">http:\/\/horst-feddermann.de\/lebenslauf<\/a><\/strong><\/p>\n","protected":false},"excerpt":{"rendered":"<p>Fl\u00fcchtlinge, die zu erwartende Ver\u00e4nderung der Krankenhauslandschaft in Ostfriesland und wirtschaftlich bedingte Ver\u00e4nderungen des Stadtbildes, die k\u00fcstennahe Kreisstadt sieht sich im gesellschaftlichen Wandel. Wir sprachen mit Horst Feddermann, parteiloser B\u00fcrgermeister der Stadt. Horst Feddermann im Netz: http:\/\/horst-feddermann.de\/lebenslauf<\/p>\n","protected":false},"author":1,"featured_media":1000,"comment_status":"closed","ping_status":"closed","sticky":false,"template":"","format":"standard","meta":{"footnotes":""},"categories":[17,25,64],"tags":[308,309],"class_list":["post-998","post","type-post","status-publish","format-standard","has-post-thumbnail","hentry","category-aurich","category-kommunalpolitik","category-personen","tag-horst-feddermann","tag-stadt-aurich"],"_links":{"self":[{"href":"https:\/\/fresenspegel.de\/index.php?rest_route=\/wp\/v2\/posts\/998","targetHints":{"allow":["GET"]}}],"collection":[{"href":"https:\/\/fresenspegel.de\/index.php?rest_route=\/wp\/v2\/posts"}],"about":[{"href":"https:\/\/fresenspegel.de\/index.php?rest_route=\/wp\/v2\/types\/post"}],"author":[{"embeddable":true,"href":"https:\/\/fresenspegel.de\/index.php?rest_route=\/wp\/v2\/users\/1"}],"replies":[{"embeddable":true,"href":"https:\/\/fresenspegel.de\/index.php?rest_route=%2Fwp%2Fv2%2Fcomments&post=998"}],"version-history":[{"count":4,"href":"https:\/\/fresenspegel.de\/index.php?rest_route=\/wp\/v2\/posts\/998\/revisions"}],"predecessor-version":[{"id":1005,"href":"https:\/\/fresenspegel.de\/index.php?rest_route=\/wp\/v2\/posts\/998\/revisions\/1005"}],"wp:featuredmedia":[{"embeddable":true,"href":"https:\/\/fresenspegel.de\/index.php?rest_route=\/wp\/v2\/media\/1000"}],"wp:attachment":[{"href":"https:\/\/fresenspegel.de\/index.php?rest_route=%2Fwp%2Fv2%2Fmedia&parent=998"}],"wp:term":[{"taxonomy":"category","embeddable":true,"href":"https:\/\/fresenspegel.de\/index.php?rest_route=%2Fwp%2Fv2%2Fcategories&post=998"},{"taxonomy":"post_tag","embeddable":true,"href":"https:\/\/fresenspegel.de\/index.php?rest_route=%2Fwp%2Fv2%2Ftags&post=998"}],"curies":[{"name":"wp","href":"https:\/\/api.w.org\/{rel}","templated":true}]}}