{"id":924,"date":"2022-09-17T19:53:03","date_gmt":"2022-09-17T19:53:03","guid":{"rendered":"https:\/\/fresenspegel.de\/?p=924"},"modified":"2022-10-13T20:13:24","modified_gmt":"2022-10-13T20:13:24","slug":"wahlbausteine-zur-niedersachsenwahl-2022","status":"publish","type":"post","link":"https:\/\/fresenspegel.de\/?p=924","title":{"rendered":"Wahlbausteine zur Niedersachsenwahl 2022"},"content":{"rendered":"\n<p class=\"has-text-align-center\"><strong>Wahlbaustein Nr. 1<\/strong><\/p>\n\n\n\n<p>Als der deutsche Philosoph Immanuel Kant die Denkwelt mit seiner Umkehrung der Betrachtung revolutionierte, unter dem Begriff Kopernikanische Wende in der Philosophie als Epochenschritt gesehen, stand pl\u00f6tzlich alle Erkenntnis auf dem Pr\u00fcfstand. Die Annahme, dass das Subjekt seine Wahrnehmung organisiert ist nicht nur psychologischer Natur. Der Handlungsvollzug beginnt im Denken und der F\u00e4higkeit Fragen zu stellen. Sp\u00e4testens hier k\u00f6nnen Sie aufh\u00f6ren zu lesen, wenn Sie es &#8222;gewohnt&#8220; sind, ohne weitere Fragen Ihre Wahlentscheidung festgelegt zu treffen. Denn dieser wahlkampfbegleitende Diskurs wird mehr Fragen aufwerfen, als suggerierende Antworten bereitstellen.  <\/p>\n\n\n\n<p class=\"has-text-align-center\">Gegenw\u00e4rtig konfrontieren uns die Parteien mit ihren Wahlkampfkonzepten. Allgegenw\u00e4rtig Gesichter und Gestalten, die uns glauben lassen sollen, pers\u00f6nlich angesprochen zu werden. Die Aussagen, wenn vorhanden, dann sehr knapp, teils provozierend, &#8222;Keine Zeit f\u00fcr Spr\u00fcche&#8220;&#8230;, lassen eigentlich nur Raum dem Betrachter Sympathien zu entlocken. Doch was soll ein W\u00e4hler dem zitierten Spr\u00fcchezitat neben einem Konterfei abgewinnen? Soll er ohne zu fragen seine Stimme einem visuellen Eindruck folgend abgeben? Viele W\u00e4hler tun dies und die Wahrscheinlichkeitsberechnung bei Wahlen z\u00e4hlt auf Gewohnheitsannahmen. Und gerade dieses Verhalten verleiht Politikern Macht. Wenn ich als Politiker davon ausgehe, dass ich auf Gewohnheitsw\u00e4hler hoffen kann, sollte ich nichts tun, was ein mir zugeordnetes Rollenbild st\u00f6ren k\u00f6nnte. Mit anderen Worten, ich sollte nicht meinen Kredit zerst\u00f6ren. Parteistrategen wissen, dass ein unbedachtes Wort nicht nur den Einzelkandidaten, sondern auch die Gesamtpartei sch\u00e4digen kann. Die Devise der kommerziellen Wahlhelfer hei\u00dft daher, keine Fragen durch Einzelpolitiker beantworten lassen, nur vorbereitete Interviews von Spitzenpolitikern. So kommt es, dass wir auf der unteren Ebene der Politikerhirarchie nur s\u00fc\u00dfe Worte, bzw. sch\u00f6ne Bilder finden. Wenn hier was schief laufen w\u00fcrde, w\u00e4re es schlecht wieder mit der Parteir\u00e4son einzufangen  und k\u00f6nnte Stimmen kosten. <\/p>\n\n\n\n<p class=\"has-text-align-center\"><strong>Also halten wir fest: Wahlkampf ist eine Aktion, die von der Spitze gesteuert wird. <\/strong><\/p>\n\n\n\n<p class=\"has-text-align-center\">Argumentationshilfen f\u00fcr den Stra\u00dfenwahlkampf, den fast alle Parteien ihren Kandidaten an die Hand geben, stellen Textbausteine dar um eine Einheitlichkeit zu vermitteln. Bestenfalls kann man das als ein Hintenanstellen des Kandidaten hinter das vorgegebene Programm sehen. Kommunikation zwischen W\u00e4hler und Kandidat kann so nur als Werbung auf ein vorgegebenes Argument angesehen werden. Die Dynamik unterscheidet sich dann nicht mehr von einem Verkaufsgespr\u00e4ch. <\/p>\n\n\n\n<p>Es ist klar, das dieser Mechanismus st\u00f6ranf\u00e4llig ist. Insbesondere, wenn Journalisten sich nicht auf das vorgegebene Aussagenschema beschr\u00e4nken wollen und tats\u00e4chlich Fragen stellen, die kritischer Natur sind. Dies wei\u00df man in den Beratungsst\u00e4ben und versucht dem aus dem Weg zu gehen. Man betreibt Verk\u00fcndungsjournalismus und selektiert seine Ansprechpartner. Kommt es dann zu einer Begegnung versucht man gerne eine Ver\u00f6ffentlichung von einer Freigabe abh\u00e4ngig zu machen. Selbstsprechend, dass dies keine Option f\u00fcr einen freien Journalisten darstellt. <\/p>\n\n\n\n<p>Nun l\u00e4\u00dft sich bei Wahlergebnissen vermehrt eine Tendenz zur Wechselwahl feststellen. Wir sehen dies auch daran, dass Parteien heute damit rechnen m\u00fcssen, keine Alleinvertretung im Parlament zu finden. Die politische \u00dcbereinkunft, die stets neu zu finden ist, ist ein Ausdruck wachsenden Selbstbewu\u00dftseins von W\u00e4hlern, die sich als homo politicus begreifen und politische Vasallentreue der Vergangenheit ablehnen. Im Wechsel liegt die Macht und das &#8222;Teile und herrsche&#8220; geht heute nicht unbedingt von der politischen Elite aus, der W\u00e4hler beschr\u00e4nkt durch wechselndes Wahlverhalten den politischen Mi\u00dfbrauch und gelassenes Nichthandeln der Regierenden. <\/p>\n\n\n\n<p class=\"has-text-align-center\"><strong>Halten wir fest, am Anfang steht kein Programm und kein Gesicht. Am Anfang steht die Frage. <\/strong><\/p>\n\n\n\n<p>Die Frage von mir als W\u00e4hler formuliert. Vorgegebene Programmaussagen und verdummende Schlagworte sind hinderlich auf dem Weg meiner politischen Willensbildung. Ich als W\u00e4hler formuliere die Frage und eine arrogante Nichtbeantwortung oder Abspeisung mit vorformulierten Textbausteinen sind Mi\u00dfachtung meiner Souver\u00e4nit\u00e4t. Damit w\u00e4ren erste Ausschlu\u00dfkriterien f\u00fcr die Wahlentscheidung festgelegt.<\/p>\n\n\n\n<p class=\"has-text-align-center\"> <strong>Als W\u00e4hler habe ich das Recht Transparenz von Parteien einzufordern. <\/strong><\/p>\n\n\n\n<p class=\"has-text-align-center\">Zwingen Sie Ihren Kandidaten ins pers\u00f6nliche Gespr\u00e4ch und achten Sie darauf, ob er in der Lage ist, konkret und nicht vage auf Ihre Fragen zu antworten. <\/p>\n\n\n\n<p>In den weiteren Wahlbausteinen werden wir uns in diesem Sinne mit einzelnen Parteien besch\u00e4ftigen. Harte Zeiten vor uns zwingen zur Klarheit und Entscheidung. Nichtentscheiden hei\u00dft Unterordnung, strategisch W\u00e4hlen ist ein Akt der Klugheit.<\/p>\n\n\n\n<p>(stk.)<\/p>\n","protected":false},"excerpt":{"rendered":"<p>Wahlbaustein Nr. 1 Als der deutsche Philosoph Immanuel Kant die Denkwelt mit seiner Umkehrung der Betrachtung revolutionierte, unter dem Begriff Kopernikanische Wende in der Philosophie als Epochenschritt gesehen, stand pl\u00f6tzlich alle Erkenntnis auf dem Pr\u00fcfstand. Die Annahme, dass das Subjekt seine Wahrnehmung organisiert ist nicht nur psychologischer Natur. Der Handlungsvollzug beginnt im Denken und der [&hellip;]<\/p>\n","protected":false},"author":1,"featured_media":925,"comment_status":"closed","ping_status":"closed","sticky":false,"template":"","format":"standard","meta":{"footnotes":""},"categories":[284,67],"tags":[285,128,286],"class_list":["post-924","post","type-post","status-publish","format-standard","has-post-thumbnail","hentry","category-niedersachsen","category-wahlen","tag-landtagswahl-niedersachsen-2022","tag-parteien","tag-wahlentscheidung"],"_links":{"self":[{"href":"https:\/\/fresenspegel.de\/index.php?rest_route=\/wp\/v2\/posts\/924","targetHints":{"allow":["GET"]}}],"collection":[{"href":"https:\/\/fresenspegel.de\/index.php?rest_route=\/wp\/v2\/posts"}],"about":[{"href":"https:\/\/fresenspegel.de\/index.php?rest_route=\/wp\/v2\/types\/post"}],"author":[{"embeddable":true,"href":"https:\/\/fresenspegel.de\/index.php?rest_route=\/wp\/v2\/users\/1"}],"replies":[{"embeddable":true,"href":"https:\/\/fresenspegel.de\/index.php?rest_route=%2Fwp%2Fv2%2Fcomments&post=924"}],"version-history":[{"count":10,"href":"https:\/\/fresenspegel.de\/index.php?rest_route=\/wp\/v2\/posts\/924\/revisions"}],"predecessor-version":[{"id":939,"href":"https:\/\/fresenspegel.de\/index.php?rest_route=\/wp\/v2\/posts\/924\/revisions\/939"}],"wp:featuredmedia":[{"embeddable":true,"href":"https:\/\/fresenspegel.de\/index.php?rest_route=\/wp\/v2\/media\/925"}],"wp:attachment":[{"href":"https:\/\/fresenspegel.de\/index.php?rest_route=%2Fwp%2Fv2%2Fmedia&parent=924"}],"wp:term":[{"taxonomy":"category","embeddable":true,"href":"https:\/\/fresenspegel.de\/index.php?rest_route=%2Fwp%2Fv2%2Fcategories&post=924"},{"taxonomy":"post_tag","embeddable":true,"href":"https:\/\/fresenspegel.de\/index.php?rest_route=%2Fwp%2Fv2%2Ftags&post=924"}],"curies":[{"name":"wp","href":"https:\/\/api.w.org\/{rel}","templated":true}]}}