{"id":892,"date":"2022-07-23T13:07:33","date_gmt":"2022-07-23T13:07:33","guid":{"rendered":"https:\/\/fresenspegel.de\/?p=892"},"modified":"2022-10-13T20:12:45","modified_gmt":"2022-10-13T20:12:45","slug":"wer-plant-die-zukunft-unserer-gemeinden-an-der-kueste","status":"publish","type":"post","link":"https:\/\/fresenspegel.de\/?p=892","title":{"rendered":"Wer plant die Zukunft unserer Gemeinden an der K\u00fcste?"},"content":{"rendered":"\n<p>Am 21. 7. 2022 fand in Ne\u00dfmerersiel eine \u00f6ffentliche Veranstaltung zum Thema Zukunftsplanung in den Dornumer Seeorten Ne\u00dfmersiel und Dornumersiel statt. Die Gemeinde Dornum hat eine Planungsfirma angestellt, die sich hier der \u00d6ffentlichkeit pr\u00e4sentiert. Ein heikles und unbefriedigendes Thema wie sich herausstellte. Wir werden dazu eingehend berichten. Im Verlauf der Veranstaltung sprachen wir mit Diedrich Janssen, Oldenburg, gesch\u00e4ftsf\u00fchrender Gesellschafter der Firma NWP, Gesellschaft f\u00fcr r\u00e4umliche Planung und Forschung, \u00fcber die Ausgangspunkte der \u00f6rtlichen Planungsarbeit. <\/p>\n\n\n\n<figure class=\"wp-block-image size-large wp-duotone-midnight-filter\"><img loading=\"lazy\" decoding=\"async\" width=\"491\" height=\"600\" src=\"https:\/\/fresenspegel.de\/wp-content\/uploads\/2022\/07\/bauplanerjanssen1-491x600.jpg\" alt=\"\" class=\"wp-image-894\" srcset=\"https:\/\/fresenspegel.de\/wp-content\/uploads\/2022\/07\/bauplanerjanssen1-491x600.jpg 491w, https:\/\/fresenspegel.de\/wp-content\/uploads\/2022\/07\/bauplanerjanssen1-246x300.jpg 246w, https:\/\/fresenspegel.de\/wp-content\/uploads\/2022\/07\/bauplanerjanssen1-768x938.jpg 768w, https:\/\/fresenspegel.de\/wp-content\/uploads\/2022\/07\/bauplanerjanssen1-1258x1536.jpg 1258w, https:\/\/fresenspegel.de\/wp-content\/uploads\/2022\/07\/bauplanerjanssen1-1200x1466.jpg 1200w, https:\/\/fresenspegel.de\/wp-content\/uploads\/2022\/07\/bauplanerjanssen1.jpg 1360w\" sizes=\"auto, (max-width: 491px) 100vw, 491px\" \/><figcaption>Diedrich Janssen, Dipl-Ing.<\/figcaption><\/figure>\n\n\n\n<figure class=\"wp-block-audio\"><audio controls src=\"https:\/\/fresenspegel.de\/wp-content\/uploads\/2022\/07\/2022-07-21-JanssenBaupl-b2.mp3\"><\/audio><\/figure>\n\n\n\n<p>Die Tonqualit\u00e4t bitten wir zu entschuldigen, da das Interview in den R\u00e4umlichkeiten der Veranstaltung aufgenommen wurde. <\/p>\n\n\n\n<p>Deutlich wird, und dies wurde auch von Besuchern der Veranstaltung \u00f6ffentlich angemerkt, dass erhebliches Konfliktpotential zwischen Bestandsb\u00fcrgern, Tourismusindustrie und Spekulationsinvestoren gibt. Dazu in K\u00fcrze mehr. <\/p>\n\n\n\n<p>Bericht \u00fcber die Gesamtveranstaltung und Kommentar folgen. <\/p>\n","protected":false},"excerpt":{"rendered":"<p>Am 21. 7. 2022 fand in Ne\u00dfmerersiel eine \u00f6ffentliche Veranstaltung zum Thema Zukunftsplanung in den Dornumer Seeorten Ne\u00dfmersiel und Dornumersiel statt. Die Gemeinde Dornum hat eine Planungsfirma angestellt, die sich hier der \u00d6ffentlichkeit pr\u00e4sentiert. Ein heikles und unbefriedigendes Thema wie sich herausstellte. Wir werden dazu eingehend berichten. Im Verlauf der Veranstaltung sprachen wir mit Diedrich [&hellip;]<\/p>\n","protected":false},"author":1,"featured_media":895,"comment_status":"closed","ping_status":"closed","sticky":false,"template":"","format":"standard","meta":{"footnotes":""},"categories":[125,235,24,40],"tags":[98,178,154,271],"class_list":["post-892","post","type-post","status-publish","format-standard","has-post-thumbnail","hentry","category-dornum","category-landkreis-aurich","category-politik","category-wirtschaft","tag-dornum","tag-dornumersiel","tag-nessmersiel","tag-raumplanung"],"_links":{"self":[{"href":"https:\/\/fresenspegel.de\/index.php?rest_route=\/wp\/v2\/posts\/892","targetHints":{"allow":["GET"]}}],"collection":[{"href":"https:\/\/fresenspegel.de\/index.php?rest_route=\/wp\/v2\/posts"}],"about":[{"href":"https:\/\/fresenspegel.de\/index.php?rest_route=\/wp\/v2\/types\/post"}],"author":[{"embeddable":true,"href":"https:\/\/fresenspegel.de\/index.php?rest_route=\/wp\/v2\/users\/1"}],"replies":[{"embeddable":true,"href":"https:\/\/fresenspegel.de\/index.php?rest_route=%2Fwp%2Fv2%2Fcomments&post=892"}],"version-history":[{"count":1,"href":"https:\/\/fresenspegel.de\/index.php?rest_route=\/wp\/v2\/posts\/892\/revisions"}],"predecessor-version":[{"id":896,"href":"https:\/\/fresenspegel.de\/index.php?rest_route=\/wp\/v2\/posts\/892\/revisions\/896"}],"wp:featuredmedia":[{"embeddable":true,"href":"https:\/\/fresenspegel.de\/index.php?rest_route=\/wp\/v2\/media\/895"}],"wp:attachment":[{"href":"https:\/\/fresenspegel.de\/index.php?rest_route=%2Fwp%2Fv2%2Fmedia&parent=892"}],"wp:term":[{"taxonomy":"category","embeddable":true,"href":"https:\/\/fresenspegel.de\/index.php?rest_route=%2Fwp%2Fv2%2Fcategories&post=892"},{"taxonomy":"post_tag","embeddable":true,"href":"https:\/\/fresenspegel.de\/index.php?rest_route=%2Fwp%2Fv2%2Ftags&post=892"}],"curies":[{"name":"wp","href":"https:\/\/api.w.org\/{rel}","templated":true}]}}