{"id":844,"date":"2022-07-12T19:52:33","date_gmt":"2022-07-12T19:52:33","guid":{"rendered":"https:\/\/fresenspegel.de\/?p=844"},"modified":"2022-10-13T20:14:48","modified_gmt":"2022-10-13T20:14:48","slug":"neue-juister-rettungswache-eingeweiht","status":"publish","type":"post","link":"https:\/\/fresenspegel.de\/?p=844","title":{"rendered":"Neue Juister Rettungswache\u00a0eingeweiht"},"content":{"rendered":"\n<p><\/p>\n\n\n\n<p class=\"has-text-align-center\"><strong>Dienstag,12. 7. 2022<\/strong><\/p>\n\n\n\n<h1 class=\"has-text-align-center wp-block-heading\" id=\"AbiTOC0\"><strong>Neue Juister Rettungswache <\/strong>eingeweiht<\/h1>\n\n\n\n<p>Modernes Geb\u00e4ude offiziell seiner Bestimmung \u00fcbergeben<\/p>\n\n\n\n<h5 class=\"has-text-align-center wp-block-heading\" id=\"AbiTOC1\">Juist. Sie ist schon seit einigen Monaten in Betrieb, mit einer kleinen Feierstunde konnte die neue Rettungswache auf Juist am Montag nun auch offiziell eingeweiht werden. \u201eJetzt gibt es optimale Bedingungen f\u00fcr die Einsatzkr\u00e4fte\u201c, stellte Landrat Olaf Meinen fest, der die \u201ehervorragende Zusammenarbeit\u201c mit der Gemeinde und mit der Feuerwehr lobte. Gemeindebrandmeister Arend Janssen-Visser gab das Kompliment zur\u00fcck. Besonders positiv: Der Umbau ist tats\u00e4chlich im seinerzeit veranschlagten Kostenrahmen von 2,8 Millionen Euro geblieben, betonte Meinen.<\/h5>\n\n\n\n<p>Und auch der Juister B\u00fcrgmeister Dr. Tjark Goerges nannte den Standard der Rettungswache \u201esuper\u201c. Er sei dankbar, dass der Landkreis die Planung und Finanzierung \u00fcbernommen habe. Die Insulaner seien beim Rettungsdienst des Landkreises Aurich bestens aufgehoben. Das freute Carl-Heinz Ahrends als Gesch\u00e4ftsf\u00fchrer des Rettungsdienstes, der ebenfalls auf die moderne Ausstattung der Rettungswache verwies, von der sich die G\u00e4ste bei einer F\u00fchrung durch das Geb\u00e4ude einen Eindruck verschaffen konnten.<\/p>\n\n\n\n<p>Die Notwendigkeit zur Erstellung eines Neubaus f\u00fcr die Rettungswache auf Juist bestand seit vielen Jahren. Bislang gab es ein dauerhaftes Provisorium in einem alten Haus im Ortskern mit einem zus\u00e4tzlichen \u201eNotfallcontainer\u201c. Zwischen dieser Unterbringung und dem Neubau \u201eliegen Lichtjahre\u201c, sagte Landrat Meinen.<\/p>\n\n\n\n<p>Die Umsetzung wurde 2017 konkret. Vom Technischen Geb\u00e4udemanagements des Landkreises Aurich war die Planung entwickelt und bis zum Bauantrag fertiggestellt worden. Aufgrund der zahlreichen Auflagen waren der Gestaltung allerdings Grenzen gesetzt. Den Auftrag f\u00fcr die Ausf\u00fchrungsplanung und Objek\u00fcberwachung erhielt das Architekturb\u00fcro Ubben-Ihnken-Ufken mbh aus Esens, das \u00fcber Erfahrungen in der Realisierung von Projekten auf Juist verf\u00fcgt. Mit den Arbeiten wurde im Herbst 2019 begonnen. Mehrere Fachplanungsb\u00fcros und insgesamt 15 Firmen, davon der gr\u00f6\u00dfte Teil aus der Region, waren an der Umsetzung beteiligt.<\/p>\n\n\n\n<p>Nicht zuletzt coronabedingt belief sich die Bauzeit auf rund zwei Jahre. Die Beschr <a><\/a> \u00e4nkung der Baut\u00e4tigkeiten auf Juist auf die Zeit vom 1. Oktober bis 30. April sowie der schwierige Materialtransport auf der autofreien Insel sorgten ebenfalls f\u00fcr den hohen zeitlichen Aufwand.<\/p>\n\n\n\n<p>Mit der Inbetriebnahme am 1. Februar 2022 zog dann die Rettungsdienst Landkreis Aurich gGmbH in die neue Wache ein und \u00fcbernahm ab diesem Zeitpunkt auch die Aufgabe der Notfallrettung auf der Insel Juist. In dem Neubau verf\u00fcgt der Rettungsdienst \u00fcber Umleidekabinen, getrennte Sanit\u00e4rbereiche, eine K\u00fcche und einen Gemienschaftsraum, einen Schwarz-Wei\u00df-Bereich bei m\u00f6glichen Kontaminierungen, ein Behandlungszimmer, Schlafr\u00e4ume sowie zwei Fahrzeug-Stellpl\u00e4tze und eine Waschhalle.<\/p>\n\n\n\n<p>Bei bedrohlichen Eins\u00e4tzen wird der Rettungsdienst von den Juister \u00c4rzten Dr. Martin Birkenfeld und Dr. Paul Okot-Opiro unterst\u00fctzt.<\/p>\n\n\n\n<p><\/p>\n","protected":false},"excerpt":{"rendered":"<p>Dienstag,12. 7. 2022 Neue Juister Rettungswache eingeweiht Modernes Geb\u00e4ude offiziell seiner Bestimmung \u00fcbergeben Juist. Sie ist schon seit einigen Monaten in Betrieb, mit einer kleinen Feierstunde konnte die neue Rettungswache auf Juist am Montag nun auch offiziell eingeweiht werden. \u201eJetzt gibt es optimale Bedingungen f\u00fcr die Einsatzkr\u00e4fte\u201c, stellte Landrat Olaf Meinen fest, der die \u201ehervorragende [&hellip;]<\/p>\n","protected":false},"author":1,"featured_media":848,"comment_status":"closed","ping_status":"closed","sticky":false,"template":"","format":"standard","meta":{"footnotes":""},"categories":[250],"tags":[82,252,251],"class_list":["post-844","post","type-post","status-publish","format-standard","has-post-thumbnail","hentry","category-heute-in-ostfriesland","tag-inseln","tag-juist","tag-rettungswache-juist"],"_links":{"self":[{"href":"https:\/\/fresenspegel.de\/index.php?rest_route=\/wp\/v2\/posts\/844","targetHints":{"allow":["GET"]}}],"collection":[{"href":"https:\/\/fresenspegel.de\/index.php?rest_route=\/wp\/v2\/posts"}],"about":[{"href":"https:\/\/fresenspegel.de\/index.php?rest_route=\/wp\/v2\/types\/post"}],"author":[{"embeddable":true,"href":"https:\/\/fresenspegel.de\/index.php?rest_route=\/wp\/v2\/users\/1"}],"replies":[{"embeddable":true,"href":"https:\/\/fresenspegel.de\/index.php?rest_route=%2Fwp%2Fv2%2Fcomments&post=844"}],"version-history":[{"count":7,"href":"https:\/\/fresenspegel.de\/index.php?rest_route=\/wp\/v2\/posts\/844\/revisions"}],"predecessor-version":[{"id":864,"href":"https:\/\/fresenspegel.de\/index.php?rest_route=\/wp\/v2\/posts\/844\/revisions\/864"}],"wp:featuredmedia":[{"embeddable":true,"href":"https:\/\/fresenspegel.de\/index.php?rest_route=\/wp\/v2\/media\/848"}],"wp:attachment":[{"href":"https:\/\/fresenspegel.de\/index.php?rest_route=%2Fwp%2Fv2%2Fmedia&parent=844"}],"wp:term":[{"taxonomy":"category","embeddable":true,"href":"https:\/\/fresenspegel.de\/index.php?rest_route=%2Fwp%2Fv2%2Fcategories&post=844"},{"taxonomy":"post_tag","embeddable":true,"href":"https:\/\/fresenspegel.de\/index.php?rest_route=%2Fwp%2Fv2%2Ftags&post=844"}],"curies":[{"name":"wp","href":"https:\/\/api.w.org\/{rel}","templated":true}]}}