{"id":793,"date":"2021-12-30T18:40:02","date_gmt":"2021-12-30T18:40:02","guid":{"rendered":"https:\/\/fresenspegel.de\/?p=793"},"modified":"2021-12-30T18:45:45","modified_gmt":"2021-12-30T18:45:45","slug":"silvester-vor-40-jahren-land-nrw-erteilte-erste-baugenehmigung-fuer-gronauer-atomfabrik","status":"publish","type":"post","link":"https:\/\/fresenspegel.de\/?p=793","title":{"rendered":"Silvester vor 40 Jahren: Land NRW erteilte erste Baugenehmigung f\u00fcr Gronauer Atomfabrik"},"content":{"rendered":"\n<p class=\"has-text-align-center\"><strong>Initiativen, BBU und IPPNW fordern sofortige Stilllegung!<\/strong><\/p>\n\n\n\n<p><\/p>\n\n\n\n<p class=\"has-text-align-left\">(Gronau, D\u00fcsseldorf, Berlin, 30.12.2021) Zum Jahreswechsel haben<br>B\u00fcrgerinitiativen aus mehreren Bundesl\u00e4ndern, der Bundesverband<br>B\u00fcrgerinitiativen Umweltschutz (BBU) sowie die Deutsche Sektion der<br>Internationalen \u00c4rzt*innen f\u00fcr die Verh\u00fctung des Atomkrieges\/\u00c4rzt*innen in sozialer Verantwortung e.V. (IPPNW) die sofortige Stilllegung der bundesweit einzigen Urananreicherungsanlage (UAA) in Gronau (NRW) gefordert. Aktueller Anlass der Forderung ist der 40. Jahrestag der Erteilung der ersten Baugenehmigung der bis heute umstrittenen Uranfabrik am Silvestertag 1981. Die Initiativen und Verb\u00e4nde kritisieren, dass trotz beschlossenem Atomausstieg in Gronau weiterhin ohne jegliche Laufzeitbegrenzung Uran f\u00fcr den Einsatz in Atomkraftwerken in aller Welt vorbereitet werden darf. 2022 werden weitere Proteste gegen die Gronauer Uranfabrik durchgef\u00fchrt, zum Beispiel Karfreitag ein Ostermarsch.<br><br>Gegen den Bau der Urananreicherungsanlage, die vom Urenco-Konzern<br>betrieben wird, wurden in den 70er Jahren etwa 7000 Einspr\u00fcche bei den zust\u00e4ndigen Genehmigungsbeh\u00f6rden eingereicht. Diese wurden dann im Mai 1981 in einem Er\u00f6rterungstermin behandelt, der ohne Not zeitgleich mit dem Er\u00f6rterungstermin zum Bau des Atomkraftwerkes Lingen 2 durchgef\u00fchr wurde. Personen, die gegen beide Atomanlagen Einspr\u00fcche erhoben hatten, konnten nicht an beiden Er\u00f6rterungen teilnehmen.<br><br><strong>St\u00f6rf\u00e4lle und Atomm\u00fcll: Bedenken von 1981 auch heute noch aktuell<\/strong><br><br>Schon direkt nach der Erteilung der ersten Baugenehmigung am 31.12.1981 unter der Regie des damaligen Ministerpr\u00e4sidenten Johannes Rau \u2013 es folgten bis 2005 mehrere Ausbaugenehmigungen \u2013 forderte der Arbeitskreis Umwelt (AKU) Gronau von den damaligen NRW-Genehmigungsbeh\u00f6rden (Gesundheitsministerium NRW und Wirtschaftsministerium NRW) die R\u00fccknahme der Genehmigung.Zur Begr\u00fcndung wurde betont, dass sich in der Anlage St\u00f6rf\u00e4lle ereignen k\u00f6nnen, dass die Anlage milit\u00e4risch genutzt werden k\u00f6nnte und dass die Entsorgung des Atomm\u00fclls nicht gesichert ist.<br><strong>\u201eDie Bedenken von damals sind heute immer noch aktuell \u2013 ja, sie sind sogar noch gravierender. Es gab mehrere St\u00f6rf\u00e4lle in der Anlage, das Atomm\u00fcllproblem ist weiterhin ungel\u00f6st und auch die Relevanz der Urananreicherung f\u00fcr milit\u00e4rische Atomprogramme l\u00e4sst sich nicht leugnen\u201c, <\/strong>betont der Arbeitskreis Umwelt (AKU) Gronau. Der AKU Gronau engagiert sich nach wie vor gemeinsam mit Initiativen und Verb\u00e4nden aus NRW, aus dem Bundesgebiet und auch aus anderen L\u00e4ndern wie Niederlande, Russland und Japan f\u00fcr die Stilllegung der Gronauer Urananreicherungsanlage.<br><br><strong>Weitere Proteste geplant \u2013 Karfreitag wieder Ostermarsch zur UAA Gronau<\/strong><br><br>Gegen den Bau und Betrieb der Gronauer Urananreicherungsanlage fanden und finden immer wieder unterschiedliche Protestaktionen statt. Die gr\u00f6\u00dfte Demonstration gegen die Anlage wurde 2011, wenige Wochen nach der Atomkatastrophe in Fukushima (Japan), organisiert. Ein Ostermarsch f\u00fchrte rund 15.000 Menschen von der Gronauer Innenstadt zur Urananreicherungsanlage. Und seit Ende 1986 finden immer am ersten Sonntag im Monat Sonntagsspazierg\u00e4nge an der Anlage statt. Traditionell werden sich wohl auch am 2.1.22 um 14 Uhr Mitglieder mehrerer Anti-Atomkraft-Initiativen an der Urananreicherungsanlage treffen. Fast genau 40 Jahre nach der Erteilung der ersten Baugenehmigung.<br><br><strong>\u201eVor 40 Jahren hat wohl kaum jemand vermutet, dass der Protest gegen die Urananreicherung in Gronau so langlebig sein wird. Und es wird weiterhin vonsequent von der NRW-Landesregierung, aber auch von der neuen Bundesregierung, die Stilllegung des Gronauer Uranmonsters eingefordert. Rechtsgutachten belegen, dass die Stilllegung durchgesetzt werden kann\u201c<\/strong>, so der AKU Gronau.<br><br><strong>Und der n\u00e4chste gr\u00f6\u00dfere Protesttermin steht auch bereits fest:<br>Karfreitag soll wieder im Schulterschluss mit der Friedensbewegung ein<br>Ostermarsch zur Gronauer Uranfabrik f\u00fchren.<\/strong><br><br>Weitere Informationen:<br><br><a href=\"https:\/\/bbu-online.de\">https:\/\/bbu-online.de<\/a>, <a href=\"https:\/\/www.ippnw.de\">https:\/\/www.ippnw.de<\/a>, <a href=\"https:\/\/sofa-ms.de\">https:\/\/sofa-ms.de<\/a>,<br><a href=\"https:\/\/urantransport.de\">https:\/\/urantransport.de<\/a>, <a href=\"https:\/\/www.westcastor.de\">https:\/\/www.westcastor.de<\/a>,<br><a href=\"https:\/\/aabhh.noblogs.org\">https:\/\/aabhh.noblogs.org<\/a>, <a href=\"https:\/\/atomstadt-lingen.de\">https:\/\/atomstadt-lingen.de<\/a>,<br><a href=\"https:\/\/www.bi-ahaus.de\">https:\/\/www.bi-ahaus.de<\/a>, <a href=\"https:\/\/www.bi-luechow-dannenberg.de\">https:\/\/www.bi-luechow-dannenberg.de<\/a>,<br><a href=\"https:\/\/waagwf.wordpress.com\">https:\/\/waagwf.wordpress.com<\/a>, <a href=\"https:\/\/ostermarsch-gronau.de\">https:\/\/ostermarsch-gronau.de<\/a>,<br><a href=\"http:\/\/www.antiatombonn.de\">http:\/\/www.antiatombonn.de<\/a><\/p>\n\n\n\n<p class=\"has-text-align-left\"><strong>Foto:<\/strong> Ostermarsch 2018 zur Urananreicherungsanlage Gronau (30. M\u00e4rz 2018)<\/p>\n\n\n\n<p class=\"has-text-align-left\">(\u00fc. Pm.)<br><\/p>\n","protected":false},"excerpt":{"rendered":"<p>Initiativen, BBU und IPPNW fordern sofortige Stilllegung! (Gronau, D\u00fcsseldorf, Berlin, 30.12.2021) Zum Jahreswechsel habenB\u00fcrgerinitiativen aus mehreren Bundesl\u00e4ndern, der BundesverbandB\u00fcrgerinitiativen Umweltschutz (BBU) sowie die Deutsche Sektion derInternationalen \u00c4rzt*innen f\u00fcr die Verh\u00fctung des Atomkrieges\/\u00c4rzt*innen in sozialer Verantwortung e.V. (IPPNW) die sofortige Stilllegung der bundesweit einzigen Urananreicherungsanlage (UAA) in Gronau (NRW) gefordert. Aktueller Anlass der Forderung ist der [&hellip;]<\/p>\n","protected":false},"author":1,"featured_media":794,"comment_status":"closed","ping_status":"closed","sticky":false,"template":"","format":"standard","meta":{"footnotes":""},"categories":[240,24,21],"tags":[],"class_list":["post-793","post","type-post","status-publish","format-standard","has-post-thumbnail","hentry","category-kernkraftanlagen-demonstrationen","category-politik","category-veranstaltungen"],"_links":{"self":[{"href":"https:\/\/fresenspegel.de\/index.php?rest_route=\/wp\/v2\/posts\/793","targetHints":{"allow":["GET"]}}],"collection":[{"href":"https:\/\/fresenspegel.de\/index.php?rest_route=\/wp\/v2\/posts"}],"about":[{"href":"https:\/\/fresenspegel.de\/index.php?rest_route=\/wp\/v2\/types\/post"}],"author":[{"embeddable":true,"href":"https:\/\/fresenspegel.de\/index.php?rest_route=\/wp\/v2\/users\/1"}],"replies":[{"embeddable":true,"href":"https:\/\/fresenspegel.de\/index.php?rest_route=%2Fwp%2Fv2%2Fcomments&post=793"}],"version-history":[{"count":3,"href":"https:\/\/fresenspegel.de\/index.php?rest_route=\/wp\/v2\/posts\/793\/revisions"}],"predecessor-version":[{"id":797,"href":"https:\/\/fresenspegel.de\/index.php?rest_route=\/wp\/v2\/posts\/793\/revisions\/797"}],"wp:featuredmedia":[{"embeddable":true,"href":"https:\/\/fresenspegel.de\/index.php?rest_route=\/wp\/v2\/media\/794"}],"wp:attachment":[{"href":"https:\/\/fresenspegel.de\/index.php?rest_route=%2Fwp%2Fv2%2Fmedia&parent=793"}],"wp:term":[{"taxonomy":"category","embeddable":true,"href":"https:\/\/fresenspegel.de\/index.php?rest_route=%2Fwp%2Fv2%2Fcategories&post=793"},{"taxonomy":"post_tag","embeddable":true,"href":"https:\/\/fresenspegel.de\/index.php?rest_route=%2Fwp%2Fv2%2Ftags&post=793"}],"curies":[{"name":"wp","href":"https:\/\/api.w.org\/{rel}","templated":true}]}}