{"id":763,"date":"2021-11-16T16:07:11","date_gmt":"2021-11-16T16:07:11","guid":{"rendered":"https:\/\/fresenspegel.de\/?p=763"},"modified":"2021-11-16T16:07:11","modified_gmt":"2021-11-16T16:07:11","slug":"neue-ortsvorsteherinnen-und-ortsvorsteher-norden","status":"publish","type":"post","link":"https:\/\/fresenspegel.de\/?p=763","title":{"rendered":"Neue Ortsvorsteherinnen und Ortsvorsteher Norden"},"content":{"rendered":"\n<p>Am 11.11.2021 fand im Rahmen einer kleinen ostfriesischen Feierstunde im Rummel des  Ostfriesischen Teemuseums die Vereidigung der neuen Ortsvorsteherinnen und Ortsvorsteher<br>statt. B\u00fcrgermeister Florian Eiben \u00fcbergab allen Ortsvorstehern\/-innen ihre Ernennungsurkunde.<br>Gleichzeitig legten alle ihren Diensteid gegen\u00fcber dem B\u00fcrgermeister ab. Sie haben nun den Status des Ehrenbeamten\/ der Ehrenbeamtin und sind somit \u201eder verl\u00e4ngerte Arm\u201c der Stadtverwaltung der Stadt Norden.<\/p>\n\n\n\n<p>F\u00fcr folgende Ortsteile wurden Ortsvorsteher\/ -innen feierlich vereidigt s. Titelbild:<br>v. links: G\u00fcnther Schwitters ( S\u00fcderneuland II ), Alwin Mellies ( Leybuchtpolder ), Wolfgang Hinrichs ( S\u00fcderneuland I ), Gerd Zitting ( Westermarsch I ), Heike Ippen ( Neuwesteel ), Hermann Reinders ( Westermarsch II ), Gerhard H\u00f6nnig ( Norddeich ), Ursula Jahnke ( Tidofeld ), Manfred Placke ( Ostermarsch ) und B\u00fcrgermeister Florian Eiben. F\u00fcr den Ortsteil Bargebur ist die Stelle des Ortsvorstehers\/-in bisher noch unbesetzt. Sollten Sie Interesse an diesem Ehrenamt haben und sich als Sprachrohr vor Ort in diesem Ortsteil gerne f\u00fcr die Belange der B\u00fcrgerinnen\/B\u00fcrger einsetzen wollen, dann wenden Sie sich bitte an die Stadt Norden.<\/p>\n\n\n\n<p>(\u00fcPm., 15. 11. 21)<\/p>\n","protected":false},"excerpt":{"rendered":"<p>Am 11.11.2021 fand im Rahmen einer kleinen ostfriesischen Feierstunde im Rummel des Ostfriesischen Teemuseums die Vereidigung der neuen Ortsvorsteherinnen und Ortsvorsteherstatt. B\u00fcrgermeister Florian Eiben \u00fcbergab allen Ortsvorstehern\/-innen ihre Ernennungsurkunde.Gleichzeitig legten alle ihren Diensteid gegen\u00fcber dem B\u00fcrgermeister ab. Sie haben nun den Status des Ehrenbeamten\/ der Ehrenbeamtin und sind somit \u201eder verl\u00e4ngerte Arm\u201c der Stadtverwaltung der [&hellip;]<\/p>\n","protected":false},"author":1,"featured_media":766,"comment_status":"closed","ping_status":"closed","sticky":false,"template":"","format":"standard","meta":{"footnotes":""},"categories":[25,18,4],"tags":[227,223,225,228,222,230,224,226,229],"class_list":["post-763","post","type-post","status-publish","format-standard","has-post-thumbnail","hentry","category-kommunalpolitik","category-norden","category-ostfriesisches-teemuseum-in-norden","tag-bargebur","tag-fllorian-eiben","tag-neuwesteel","tag-norddeich","tag-ortsvorsteher","tag-ostermarsch","tag-suederneuland","tag-tidofeld","tag-westermarsch"],"_links":{"self":[{"href":"https:\/\/fresenspegel.de\/index.php?rest_route=\/wp\/v2\/posts\/763","targetHints":{"allow":["GET"]}}],"collection":[{"href":"https:\/\/fresenspegel.de\/index.php?rest_route=\/wp\/v2\/posts"}],"about":[{"href":"https:\/\/fresenspegel.de\/index.php?rest_route=\/wp\/v2\/types\/post"}],"author":[{"embeddable":true,"href":"https:\/\/fresenspegel.de\/index.php?rest_route=\/wp\/v2\/users\/1"}],"replies":[{"embeddable":true,"href":"https:\/\/fresenspegel.de\/index.php?rest_route=%2Fwp%2Fv2%2Fcomments&post=763"}],"version-history":[{"count":3,"href":"https:\/\/fresenspegel.de\/index.php?rest_route=\/wp\/v2\/posts\/763\/revisions"}],"predecessor-version":[{"id":767,"href":"https:\/\/fresenspegel.de\/index.php?rest_route=\/wp\/v2\/posts\/763\/revisions\/767"}],"wp:featuredmedia":[{"embeddable":true,"href":"https:\/\/fresenspegel.de\/index.php?rest_route=\/wp\/v2\/media\/766"}],"wp:attachment":[{"href":"https:\/\/fresenspegel.de\/index.php?rest_route=%2Fwp%2Fv2%2Fmedia&parent=763"}],"wp:term":[{"taxonomy":"category","embeddable":true,"href":"https:\/\/fresenspegel.de\/index.php?rest_route=%2Fwp%2Fv2%2Fcategories&post=763"},{"taxonomy":"post_tag","embeddable":true,"href":"https:\/\/fresenspegel.de\/index.php?rest_route=%2Fwp%2Fv2%2Ftags&post=763"}],"curies":[{"name":"wp","href":"https:\/\/api.w.org\/{rel}","templated":true}]}}