{"id":756,"date":"2021-11-16T09:04:13","date_gmt":"2021-11-16T09:04:13","guid":{"rendered":"https:\/\/fresenspegel.de\/?p=756"},"modified":"2022-07-12T20:49:46","modified_gmt":"2022-07-12T20:49:46","slug":"kein-zweiter-mann-in-sicht","status":"publish","type":"post","link":"https:\/\/fresenspegel.de\/?p=756","title":{"rendered":"Kein zweiter Mann in Sicht"},"content":{"rendered":"\n<p class=\"has-text-align-center\">P<strong>olizeidienststelle Dornum wird wohl vorerst ein Einzelposten bleiben<\/strong><\/p>\n\n\n\n<pre class=\"wp-block-preformatted\">Als im Oktober der Dornumer Polizeioberkommissar Uwe Fieker in Pension ging, fragten sich viele B\u00fcrger, ob die bis dahin mit zwei Beamten besetzte Dornumer Dienststelle wieder neubesetzt w\u00fcrde. Auch Sorgen, dass gar eine \"Wegrationalisierung\" im Raume stehe, waren zu h\u00f6ren. Wir fragten deshalb bei der Polizeidirektion nach und erhielten nun folgende Stellungnahme: \n\nfresenspegel: <strong>Wie gestaltet sich die Kriminalit\u00e4tsstatistik im Bereich Aurich mit Fokus auf Dornum?<\/strong>\n\n\"Im Zust\u00e4ndigkeitsbereich des Polizeikommissariats Norden (zu dem auch die Gemeinde Dornum geh\u00f6rt) war zuletzt in der Polizeilichen Kriminalstatistik 2020 insgesamt ein R\u00fcckgang des Kriminalit\u00e4tsaufkommens im Vergleich zum Vorjahr festzustellen. In der Gemeinde Dornum mussten wir zwar zuletzt eine leichte Steigerung verzeichnen, jedoch bei einer weiterhin hohen Aufkl\u00e4rungsquote von knapp 68 Prozent. Der leichte Anstieg im Kriminalit\u00e4tsaufkommen kann hier u.a. auf allgemeine Schwankungen zur\u00fcckgef\u00fchrt werden und ist aus polizeilicher Sicht nach derzeitigem Stand nicht als besorgniserregend zu werten.\n\nfresenspegel: <strong>Nach dem Ausscheiden eines zweiten Beamten in der Dienststelle Dornum wird diese derzeit als Einzelposten betrieben.<\/strong>\n\n Von Oktober 2019 an bis zur Pensionierung von Polizeioberkommissar Uwe Fieker im Oktober 2021 war die Polizeistation Dornum erstmalig mit zwei Beamten besetzt. Zuvor war in Dornum immer ein Beamter f\u00fcr die Belange der B\u00fcrgerinnen und B\u00fcrger der Gemeinde zust\u00e4ndig. Die Einfachbesetzung der Station ist aufgrund der aktuellen Kriminalit\u00e4ts- und Einsatzlage sowie aufgrund von Aufgabenverlagerungen zurzeit vertretbar.\nBeabsichtigt ist, mittelfristig wieder zwei Beamte*innen in Dornum einzusetzen. Die Realisierung ist jedoch von verschiedenen Rahmenbedingungen abh\u00e4ngig.\n\nfresenspegel: <strong>Aus der Bev\u00f6lkerung wurden wir mit der Frage konfrontiert, ob es polizeilicherseits Pl\u00e4ne gibt, die Dienststelle Dornum ganz aufzugeben. Ist diese Besorgnis begr\u00fcndet?<\/strong>\n\nNein. Diese Besorgnis ist unbegr\u00fcndet.\n\nfresenspegel: <strong>Auf den zu- und abf\u00fchrenden Stra\u00dfen von Dornum ist teilweise Verkehr mit stark \u00fcberh\u00f6hten Geschwindigkeiten zu beobachten. Rennen und gewagte \u00dcberholman\u00f6ver sind h\u00e4ufig zu beobachten. Vielfach auch durch touristischen Verkehr. Wie stellt sich dieses Ph\u00e4nomen der Polizei dar? Wie h\u00e4ufig und in welchem Ausma\u00df gibt es Verkehrs\u00fcberwachungsaktionen in diesem Bereich? <\/strong>\n\nGrunds\u00e4tzlich finden im gesamten Zust\u00e4ndigkeitsbereich der PI Aurich\/Wittmund immer wieder Verkehrs\u00fcberwachungen und -kontrollen statt. Die Kontrollen bzw. Ma\u00dfnahmen der Verkehrs\u00fcberwachung werden durch den Einsatz- und Streifendienst am Sitz des PK in Norden durchgef\u00fchrt.\nInsbesondere aber auch mit dem Einsatz unserer sogenannten Verf\u00fcgungseinheit am Sitz der PI sind wir im Bereich der Verkehrs\u00fcberwachung verst\u00e4rkt aktiv. Die Beamtinnen und Beamten f\u00fchren Kontrollen und Verkehrs\u00fcberwachungen im gesamten Inspektionsbereich, auch in der Gemeinde Dornum, durch. Bei entsprechenden Hinweisen zu illegalen Autorennen oder sonstigem verkehrsgef\u00e4hrdendem Verhalten werden auch gezielt \u2013 lokal und zeitlich \u2013 Kontrollen durchgef\u00fchrt. \nBitte haben Sie Verst\u00e4ndnis, dass wir \u00fcber die H\u00e4ufigkeit von Kontrollen keine n\u00e4here Auskunft geben k\u00f6nnen.\n\n<strong>Wir bedanken uns bei Frau Wiebke Baden von der Pressestelle der Polizeiinspektion Aurich\/Wittmund<\/strong>\n\nHans-Joachim Steinsiek, Dornum, 16. 11. 2021\n\n\n\n\n<\/pre>\n","protected":false},"excerpt":{"rendered":"<p>Polizeidienststelle Dornum wird wohl vorerst ein Einzelposten bleiben Als im Oktober der Dornumer Polizeioberkommissar Uwe Fieker in Pension ging, fragten sich viele B\u00fcrger, ob die bis dahin mit zwei Beamten besetzte Dornumer Dienststelle wieder neubesetzt w\u00fcrde. Auch Sorgen, dass gar eine &#8222;Wegrationalisierung&#8220; im Raume stehe, waren zu h\u00f6ren. Wir fragten deshalb bei der Polizeidirektion nach [&hellip;]<\/p>\n","protected":false},"author":1,"featured_media":758,"comment_status":"closed","ping_status":"closed","sticky":false,"template":"","format":"standard","meta":{"footnotes":""},"categories":[34,125,94],"tags":[98,221,219,220],"class_list":["post-756","post","type-post","status-publish","format-standard","has-post-thumbnail","hentry","category-behoerden","category-dornum","category-polizei-und-gericht","tag-dornum","tag-personal","tag-polizei","tag-verkehrssicherheit"],"_links":{"self":[{"href":"https:\/\/fresenspegel.de\/index.php?rest_route=\/wp\/v2\/posts\/756","targetHints":{"allow":["GET"]}}],"collection":[{"href":"https:\/\/fresenspegel.de\/index.php?rest_route=\/wp\/v2\/posts"}],"about":[{"href":"https:\/\/fresenspegel.de\/index.php?rest_route=\/wp\/v2\/types\/post"}],"author":[{"embeddable":true,"href":"https:\/\/fresenspegel.de\/index.php?rest_route=\/wp\/v2\/users\/1"}],"replies":[{"embeddable":true,"href":"https:\/\/fresenspegel.de\/index.php?rest_route=%2Fwp%2Fv2%2Fcomments&post=756"}],"version-history":[{"count":5,"href":"https:\/\/fresenspegel.de\/index.php?rest_route=\/wp\/v2\/posts\/756\/revisions"}],"predecessor-version":[{"id":762,"href":"https:\/\/fresenspegel.de\/index.php?rest_route=\/wp\/v2\/posts\/756\/revisions\/762"}],"wp:featuredmedia":[{"embeddable":true,"href":"https:\/\/fresenspegel.de\/index.php?rest_route=\/wp\/v2\/media\/758"}],"wp:attachment":[{"href":"https:\/\/fresenspegel.de\/index.php?rest_route=%2Fwp%2Fv2%2Fmedia&parent=756"}],"wp:term":[{"taxonomy":"category","embeddable":true,"href":"https:\/\/fresenspegel.de\/index.php?rest_route=%2Fwp%2Fv2%2Fcategories&post=756"},{"taxonomy":"post_tag","embeddable":true,"href":"https:\/\/fresenspegel.de\/index.php?rest_route=%2Fwp%2Fv2%2Ftags&post=756"}],"curies":[{"name":"wp","href":"https:\/\/api.w.org\/{rel}","templated":true}]}}