{"id":747,"date":"2021-11-11T17:52:48","date_gmt":"2021-11-11T17:52:48","guid":{"rendered":"https:\/\/fresenspegel.de\/?p=747"},"modified":"2021-11-11T18:06:41","modified_gmt":"2021-11-11T18:06:41","slug":"volksbund-verleiht-medaille-fuer-verdienste-um-erinnerungskultur","status":"publish","type":"post","link":"https:\/\/fresenspegel.de\/?p=747","title":{"rendered":"Volksbund verleiht Medaille f\u00fcr Verdienste um Erinnerungskultur"},"content":{"rendered":"\n<p><\/p>\n\n\n\n<h1 class=\"wp-block-heading\">Langj\u00e4hriger Einsatz f\u00fcr V\u00f6lkerverst\u00e4ndigung ist beispielhaft<\/h1>\n\n\n\n<p><strong>LKA\/Aurich. <\/strong>F\u00fcr ihre Verdienste um die Arbeit des Volksbundes Deutsche Kriegsgr\u00e4berf\u00fcrsorge sind Alwin de Buhr (Spetzerfehn) und Heinz Kleemann aus Aurich im Rahmen einer kleinen Feierstunde im Auricher Kreishaus mit der Albert-Schweitzer-Medaille geehrt worden. Dabei handelt es sich um eine der h\u00f6chsten Auszeichnungen, die der Volksbund zu vergeben hat.<\/p>\n\n\n\n<p>Vor allem durch ihren langj\u00e4hrigen Einsatz f\u00fcr die Kriegsgr\u00e4berst\u00e4tte in Tannenhausen h\u00e4tten de Buhr und Kleemann einen wichtigen Beitrag zur Erinnerungskultur im Landkreis Aurich geleistet, hob Landrat Olaf Meinen in seiner Funktion als Kreisvorsitzender des Volksbundes hervor. Und auch dessen Bezirksgesch\u00e4ftsf\u00fchrer Marco Wingert (Oldenburg) sowie Jann-Peter Ubben als Gesch\u00e4ftsf\u00fchrer<\/p>\n\n\n\n<p> des Kreisverbandes Aurich lobten das ehrenamtliche Engagement der beiden Geehrten als beispielhaft.<\/p>\n\n\n\n<p>Ende 1941 war am Ortsrand von Tannenhausen ein Barackenlager f\u00fcr russische Kriegsgefangene errichtet worden. Bis zu 236 von Ihnen starben bis Kriegsende auf Grund schlechter Versorgung, schwerer Arbeit und durch Misshandlungen. Sie wurden auf dem sogenannten Russenfriedhof beigesetzt. Dieser Friedhof hat als Kriegsgr\u00e4berst\u00e4tte Bestand. Seit zehn Jahren erinnert auch eine Gedenktafel in deutscher und russischer Sprache an das Schicksal der Toten. Sie war im Rahmen eines Projektes an der Hauptschule Aurich unter der Leitung von Lehrer Alwin de Buhr in Zusammenarbeit mit dem Volksbund Deutsche Kriegsgr\u00e4berf\u00fcrsorge entstanden. Durch seine Nachforschungen habe de Buhr vielen der Opfer erst ein Gesicht gegeben, hoben Meinen und Wingert hervor. Heinz Kleemann ist seit vielen Jahrzehnten bem\u00fcht, durch die pers\u00f6nliche Begegnung zur Verst\u00e4ndigung zwischen Deutschen und Russen beizutragen. Er und de Buhr wiesen nachdr\u00fccklich darauf hin, dass Sie die Ehrenmedaille stellvertretend f\u00fcr alle entgegennehmen, die sich gemeinsam mit Ihnen im Landkreis Aurich um das Gedenken an die Opfer von Krieg und Gewaltherrschaft bem\u00fchen.<\/p>\n\n\n\n<p>Diese d\u00fcrften nicht in Vergessenheit geraten, mahnte Volksbund-Gesch\u00e4ftsf\u00fchrer Wingert. Denn \u201eaus der Besch\u00e4ftigung mit den Ereignissen und Schicksalen in der ersten H\u00e4lfte des 20. Jahrhundert k\u00f6nnen wir viel f\u00fcr unser heutiges Miteinander lernen.\u201c Dies sei auch Kern der Bildungsarbeit des Volksbundes Deutsche Kriegsgr\u00e4berf\u00fcrsorge, der sich im Auftrag der Bundesregierung um rund 2,8 Millionen Gr\u00e4ber in 46 L\u00e4nder k\u00fcmmert. Dabei betreut der gemeinn\u00fctzige Verein mehr als 800 Kriegsgr\u00e4berst\u00e4tten und sucht aktiv nach bislang Vermissten.<\/p>\n\n\n\n<p>F\u00fcr seine Aufgaben erh\u00e4lt der Volksbund zwar einen Zuschuss aus Bundesmitteln, den \u00fcberwiegenden Teil der ben\u00f6tigten Gelder bringt er jedoch durch Spenden auf \u2013 unter anderem durch die Haus- und Stra\u00dfensammlung, die jeweils im Herbst durchgef\u00fchrt wird und auch in diesem Jahr wieder l\u00e4uft. \u201eLeider wird es aber immer schwieriger, Sammlerinnen und Sammler f\u00fcr uns zu gewinnen\u201c, machte Wingert deutlich. Grund sei, dass viele Menschen aufgrund des wachsenden zeitlichen Abstandes kaum noch eine pers\u00f6nliche Verbindung zu den Gr\u00e4bern der Opfer von Krieg und Gewaltherrschaft h\u00e4tten. Darum sei die Erinnerungsarbeit, wie sie Alwin de Buhr und Gerd Kleemann leisten, umso wichtiger.<\/p>\n\n\n\n<p>Auch der Landrat warb f\u00fcr eine Beteiligung an der Haus- und Stra\u00dfensammlung. \u201eIn unserem Landkreis gibt es leider wei\u00dfe Flecken\u201c, stellte Meinen fest. Auch ein zeitlich begrenztes ehrenamtliches Engagement k\u00f6nne hier viel ausrichten, betonte Wingert. So sei es beispielsweise m\u00f6glich, Radtouren mit einer Sammelt\u00e4tigkeit f\u00fcr den Volksbund zu verbinden. \u201e\u00dcber diese Bereitschaft w\u00fcrden wir uns sehr freuen\u201c, sind sich Gesch\u00e4ftsf\u00fchrer und Landrat einig.<\/p>\n\n\n\n<p>(\u00fc. Pm.)<\/p>\n","protected":false},"excerpt":{"rendered":"<p>Langj\u00e4hriger Einsatz f\u00fcr V\u00f6lkerverst\u00e4ndigung ist beispielhaft LKA\/Aurich. F\u00fcr ihre Verdienste um die Arbeit des Volksbundes Deutsche Kriegsgr\u00e4berf\u00fcrsorge sind Alwin de Buhr (Spetzerfehn) und Heinz Kleemann aus Aurich im Rahmen einer kleinen Feierstunde im Auricher Kreishaus mit der Albert-Schweitzer-Medaille geehrt worden. Dabei handelt es sich um eine der h\u00f6chsten Auszeichnungen, die der Volksbund zu vergeben hat. [&hellip;]<\/p>\n","protected":false},"author":1,"featured_media":750,"comment_status":"closed","ping_status":"closed","sticky":false,"template":"","format":"standard","meta":{"footnotes":""},"categories":[17,64,53],"tags":[217,218,216,215],"class_list":["post-747","post","type-post","status-publish","format-standard","has-post-thumbnail","hentry","category-aurich","category-personen","category-soziales","tag-alwin-de-buhr","tag-heinz-kleemann","tag-landkreis-aurich","tag-volksbund-deutsche-kriegsgraeberfuersorge"],"_links":{"self":[{"href":"https:\/\/fresenspegel.de\/index.php?rest_route=\/wp\/v2\/posts\/747","targetHints":{"allow":["GET"]}}],"collection":[{"href":"https:\/\/fresenspegel.de\/index.php?rest_route=\/wp\/v2\/posts"}],"about":[{"href":"https:\/\/fresenspegel.de\/index.php?rest_route=\/wp\/v2\/types\/post"}],"author":[{"embeddable":true,"href":"https:\/\/fresenspegel.de\/index.php?rest_route=\/wp\/v2\/users\/1"}],"replies":[{"embeddable":true,"href":"https:\/\/fresenspegel.de\/index.php?rest_route=%2Fwp%2Fv2%2Fcomments&post=747"}],"version-history":[{"count":4,"href":"https:\/\/fresenspegel.de\/index.php?rest_route=\/wp\/v2\/posts\/747\/revisions"}],"predecessor-version":[{"id":754,"href":"https:\/\/fresenspegel.de\/index.php?rest_route=\/wp\/v2\/posts\/747\/revisions\/754"}],"wp:featuredmedia":[{"embeddable":true,"href":"https:\/\/fresenspegel.de\/index.php?rest_route=\/wp\/v2\/media\/750"}],"wp:attachment":[{"href":"https:\/\/fresenspegel.de\/index.php?rest_route=%2Fwp%2Fv2%2Fmedia&parent=747"}],"wp:term":[{"taxonomy":"category","embeddable":true,"href":"https:\/\/fresenspegel.de\/index.php?rest_route=%2Fwp%2Fv2%2Fcategories&post=747"},{"taxonomy":"post_tag","embeddable":true,"href":"https:\/\/fresenspegel.de\/index.php?rest_route=%2Fwp%2Fv2%2Ftags&post=747"}],"curies":[{"name":"wp","href":"https:\/\/api.w.org\/{rel}","templated":true}]}}