{"id":1455,"date":"2023-06-13T12:30:18","date_gmt":"2023-06-13T12:30:18","guid":{"rendered":"https:\/\/fresenspegel.de\/?p=1455"},"modified":"2023-12-23T20:04:11","modified_gmt":"2023-12-23T20:04:11","slug":"georg-murrar-regner-stellt-die-geschichte-der-cohens-vor","status":"publish","type":"post","link":"https:\/\/fresenspegel.de\/?p=1455","title":{"rendered":"Georg Murrar-Regner stellt die Geschichte der Cohens vor"},"content":{"rendered":"\n<p class=\"has-text-align-center\">Wie sehr die Mitb\u00fcrger j\u00fcdischen Glaubens in der Gemeinde Dornum integriert waren bevor sie Ausgrenzung durch die damaligen Bewohner und Nazi-Anh\u00e4nger erfahren mussten stellt Georg Murrar-Regner in seinem j\u00fcngsten Buch dar. Wir sprachen mit ihm \u00fcber sein neues Werk: <\/p>\n\n\n\n<figure class=\"wp-block-audio\"><audio controls src=\"https:\/\/fresenspegel.de\/wp-content\/uploads\/2023\/06\/A-MurarRegner-230611-b.mp3\"><\/audio><figcaption class=\"wp-element-caption\">Das Interview wurde am 11. 6. 2023 in Dornum aufgezeichnet.<\/figcaption><\/figure>\n\n\n\n<figure class=\"wp-block-image aligncenter size-large wp-duotone-midnight-filter\"><img loading=\"lazy\" decoding=\"async\" width=\"410\" height=\"600\" src=\"https:\/\/fresenspegel.de\/wp-content\/uploads\/2023\/06\/mr2t-410x600.jpg\" alt=\"\" class=\"wp-image-1456\"\/><\/figure>\n","protected":false},"excerpt":{"rendered":"<p>Wie sehr die Mitb\u00fcrger j\u00fcdischen Glaubens in der Gemeinde Dornum integriert waren bevor sie Ausgrenzung durch die damaligen Bewohner und Nazi-Anh\u00e4nger erfahren mussten stellt Georg Murrar-Regner in seinem j\u00fcngsten Buch dar. Wir sprachen mit ihm \u00fcber sein neues Werk:<\/p>\n","protected":false},"author":1,"featured_media":1458,"comment_status":"closed","ping_status":"closed","sticky":false,"template":"","format":"standard","meta":{"footnotes":""},"categories":[125,402],"tags":[411,98,410,412],"class_list":["post-1455","post","type-post","status-publish","format-standard","has-post-thumbnail","hentry","category-dornum","category-literatur","tag-cohens","tag-dornum","tag-georg-murar-regner","tag-juden-in-dornum"],"_links":{"self":[{"href":"https:\/\/fresenspegel.de\/index.php?rest_route=\/wp\/v2\/posts\/1455","targetHints":{"allow":["GET"]}}],"collection":[{"href":"https:\/\/fresenspegel.de\/index.php?rest_route=\/wp\/v2\/posts"}],"about":[{"href":"https:\/\/fresenspegel.de\/index.php?rest_route=\/wp\/v2\/types\/post"}],"author":[{"embeddable":true,"href":"https:\/\/fresenspegel.de\/index.php?rest_route=\/wp\/v2\/users\/1"}],"replies":[{"embeddable":true,"href":"https:\/\/fresenspegel.de\/index.php?rest_route=%2Fwp%2Fv2%2Fcomments&post=1455"}],"version-history":[{"count":1,"href":"https:\/\/fresenspegel.de\/index.php?rest_route=\/wp\/v2\/posts\/1455\/revisions"}],"predecessor-version":[{"id":1459,"href":"https:\/\/fresenspegel.de\/index.php?rest_route=\/wp\/v2\/posts\/1455\/revisions\/1459"}],"wp:featuredmedia":[{"embeddable":true,"href":"https:\/\/fresenspegel.de\/index.php?rest_route=\/wp\/v2\/media\/1458"}],"wp:attachment":[{"href":"https:\/\/fresenspegel.de\/index.php?rest_route=%2Fwp%2Fv2%2Fmedia&parent=1455"}],"wp:term":[{"taxonomy":"category","embeddable":true,"href":"https:\/\/fresenspegel.de\/index.php?rest_route=%2Fwp%2Fv2%2Fcategories&post=1455"},{"taxonomy":"post_tag","embeddable":true,"href":"https:\/\/fresenspegel.de\/index.php?rest_route=%2Fwp%2Fv2%2Ftags&post=1455"}],"curies":[{"name":"wp","href":"https:\/\/api.w.org\/{rel}","templated":true}]}}