{"id":1320,"date":"2023-05-11T19:27:14","date_gmt":"2023-05-11T19:27:14","guid":{"rendered":"https:\/\/fresenspegel.de\/?p=1320"},"modified":"2023-12-23T20:04:11","modified_gmt":"2023-12-23T20:04:11","slug":"ich-begleitete-und-stuetzte-konrad-johann-onnen","status":"publish","type":"post","link":"https:\/\/fresenspegel.de\/?p=1320","title":{"rendered":"Ich begleitete und st\u00fctzte Konrad Johann  Onnen"},"content":{"rendered":"\n<p><em>Ingrid Backenhaus aus Dornum sch\u00e4tzt es als Gl\u00fcck einem ungew\u00f6hnlichen Menschen begegnet zu sein. Konrad Johann Onnen lebte seine k\u00fcnstlerische Vision auf dem ererbten &#8222;Buchenhof&#8220; in Dornum und schenkte seinen Hof der Dornumer B\u00fcrgerschaft. Niemand kann so gut \u00fcber das Wesen dieses Menschen berichten wie Ingrid Backenhaus, die ihn kannte, begleitete und letztlich betreute.<\/em> <\/p>\n\n\n\n<p><em>Wir sprachen mit Frau Backenhaus&#8230;<\/em><\/p>\n\n\n\n<p><\/p>\n\n\n\n<p><strong>Frau Backenhaus, in welchem Verh\u00e4ltnis standen Sie zu Herrn Konrad Onnen?<\/strong><\/p>\n\n\n\n<p>&#8222;Herrn Onnen kannte ich von Kind auf. Als Kind bin ich im Winter auf der Graft Schlittschuh gelaufen.<\/p>\n\n\n\n<p>Mit den Jahren hat sich daraus ein privates Verh\u00e4ltnis und eine Freundschaft aufgebaut.&#8220;&nbsp;&nbsp;<\/p>\n\n\n\n<p><strong>Was war Herr Onnen f\u00fcr ein Mensch?<\/strong><\/p>\n\n\n\n<p>&#8222;Er war vom Wesen her ein sehr intelligenter, zur\u00fcckhaltender und ruhiger Mensch.<\/p>\n\n\n\n<p>Er lebte zwar in seiner Abgeschiedenheit auf dem Hof, was aber nicht bedeutete, dass er weltfremd war. Die Tageszeitung und Zeitschriften wie der Spiegel waren seine t\u00e4glichen Begleiter. Ebenso informative Sendungen im Fernsehen und seine Fachb\u00fccher aus allen Bereichen.&#8220;<\/p>\n\n\n\n<p><strong>Wie kam das Vertrauen zu Ihnen zustande und wie zeigte sich dieses?<\/strong><\/p>\n\n\n\n<p>&#8222;Vor gut 20 Jahren, wurde das pers\u00f6nliche Verh\u00e4ltnis und Vertrauen zu meiner Person so eng, dass er mich immer mehr in sein Leben, seine Ansichten einbezog. Erst da lernte ich mit der Zeit das Wesen von ihm wirklich kennen.&nbsp;&#8222;<\/p>\n\n\n\n<p><strong>Wie dr\u00fcckte sich die Vertrautheit aus?<\/strong><\/p>\n\n\n\n<p>&#8222;Nicht nur, dass ich diverse Erledigungen f\u00fcr Ihn machte, mit ihm zum Arzt fuhr und anderes, sondern er fragte mich auch in allen Angelegenheiten des Lebens um meinen Rat&#8220;<\/p>\n\n\n\n<p><strong>Was war im Leben von Herrn Onnen f\u00fcr Ihn von Bedeutung?<\/strong><\/p>\n\n\n\n<p>&#8222;Seine Kunst und dass er in Ruhe auf seinem geliebten Buchenhof leben konnte. Dies zeigen auch anschauliche Fotos von seinen Werken.&#8220;<\/p>\n\n\n\n<p><strong>Aus welchen Gr\u00fcnden hat Herr Onnen seinen Hof und die L\u00e4ndereien der Gemeinde, in Vertretung der Einwohner von Dornum vererbt?<\/strong><\/p>\n\n\n\n<p>&#8222;Da Herr Onnen keine direkten Nachfahren hatte und seine Nichte und seine Gro\u00dfnichte sowohl in den USA wie auch in Deutschland lebten, entschied Herr Onnen hier die Einwohner als Erben einzusetzen. Dies geschah auch um seinen Buchenhof f\u00fcr die \u00d6ffentlichkeit zur Verf\u00fcgung zu stellen. Sein Wunsch ist es immer gewesen, den Hof f\u00fcr Kunst und Kultur zu nutzen. Dies hat er so auch gegen\u00fcber Anderen so immer ge\u00e4u\u00dfert.&#8220;<\/p>\n\n\n\n<p><strong>Wie sind Sie jetzt in die Verwendung des Nachlasses involviert?<\/strong><\/p>\n\n\n\n<p>&#8222;Herr Onnen bat mich auf seinen Hof und seine L\u00e4ndereien acht zu geben. Aus diesem Grund setzte er mich als unentgeltliche&nbsp; Testamentsvollstreckerin ein und erteilte mir eine transmortale Vollmacht&#8220;&nbsp;<\/p>\n\n\n\n<p><strong>Inwieweit kommen Sie diesen W\u00fcnschen des Herrn Onnen nach?<\/strong><\/p>\n\n\n\n<p>&#8222;Bereits kurz nach seinem Tod musste ich mich mit einer anonym aufgetauchten F\u00e4lschung eines Testamentes, welches angeblich von Herrn Onnen war, auseinander setzen. Von der Strafanzeige gegen Unbekannt und fast zwei Jahre lang mit Schreiben und Stellungnahmen, bis dann endg\u00fcltig die Gemeinde Dornum ins Erbe gesetzt wurde. Auch weiterhin werde ich alles daf\u00fcr tun und ein Auge drauf haben, dass mit dem Buchenhof in seinem Sinne verfahren wird.&#8220;<\/p>\n\n\n\n<p><strong>Frau Backenhaus, wie stehen Sie zu der Aktion Summerschool der Uni, der Hochschule und dem Verein Ostfriesland genie\u00dft und Meer mit der Gemeinde Dornum?<\/strong><\/p>\n\n\n\n<p>&#8222;Dem Grundgedanken, Studenten Praxisorientierung mit dem Projekt zu bieten und daraus Schl\u00fcsse f\u00fcr die Zukunft des Buchenhofes zu ziehen, stehe ich positiv gegen\u00fcber. Was mich nur mit einem gewissen Ma\u00df mit Skepsis erf\u00fcllt ist das unbestimmte Gef\u00fchl, dass hier bereits im Vorfeld Entscheidungen f\u00fcr eine eigene Selbstdarstellung getroffen werden. Das hier die W\u00fcnsche von Herrn Onnen und relevante Vorschl\u00e4ge von B\u00fcrgern und anderen Interessierten in den Hintergrund geschoben werden.&#8220;<\/p>\n\n\n\n<p><strong>Frau Backenhaus ich bedanke mich f\u00fcr das Interview&nbsp;<\/strong><\/p>\n\n\n\n<p><em>Frau Ingrid Backenhaus im Gespr\u00e4ch am 11. 5. 2023 mit Hans-Joachim Steinsiek, Red. Fresenspegel.<\/em><\/p>\n\n\n\n<p><em>Foto: Privateigentum Ingrid Backenhaus.<\/em><\/p>\n","protected":false},"excerpt":{"rendered":"<p>Ingrid Backenhaus aus Dornum sch\u00e4tzt es als Gl\u00fcck einem ungew\u00f6hnlichen Menschen begegnet zu sein. Konrad Johann Onnen lebte seine k\u00fcnstlerische Vision auf dem ererbten &#8222;Buchenhof&#8220; in Dornum und schenkte seinen Hof der Dornumer B\u00fcrgerschaft. Niemand kann so gut \u00fcber das Wesen dieses Menschen berichten wie Ingrid Backenhaus, die ihn kannte, begleitete und letztlich betreute. Wir [&hellip;]<\/p>\n","protected":false},"author":1,"featured_media":1323,"comment_status":"closed","ping_status":"closed","sticky":false,"template":"","format":"standard","meta":{"footnotes":""},"categories":[125,64],"tags":[394,393],"class_list":["post-1320","post","type-post","status-publish","format-standard","has-post-thumbnail","hentry","category-dornum","category-personen","tag-ingrid-backenhaus","tag-konrad-johann-onnen"],"_links":{"self":[{"href":"https:\/\/fresenspegel.de\/index.php?rest_route=\/wp\/v2\/posts\/1320","targetHints":{"allow":["GET"]}}],"collection":[{"href":"https:\/\/fresenspegel.de\/index.php?rest_route=\/wp\/v2\/posts"}],"about":[{"href":"https:\/\/fresenspegel.de\/index.php?rest_route=\/wp\/v2\/types\/post"}],"author":[{"embeddable":true,"href":"https:\/\/fresenspegel.de\/index.php?rest_route=\/wp\/v2\/users\/1"}],"replies":[{"embeddable":true,"href":"https:\/\/fresenspegel.de\/index.php?rest_route=%2Fwp%2Fv2%2Fcomments&post=1320"}],"version-history":[{"count":9,"href":"https:\/\/fresenspegel.de\/index.php?rest_route=\/wp\/v2\/posts\/1320\/revisions"}],"predecessor-version":[{"id":1330,"href":"https:\/\/fresenspegel.de\/index.php?rest_route=\/wp\/v2\/posts\/1320\/revisions\/1330"}],"wp:featuredmedia":[{"embeddable":true,"href":"https:\/\/fresenspegel.de\/index.php?rest_route=\/wp\/v2\/media\/1323"}],"wp:attachment":[{"href":"https:\/\/fresenspegel.de\/index.php?rest_route=%2Fwp%2Fv2%2Fmedia&parent=1320"}],"wp:term":[{"taxonomy":"category","embeddable":true,"href":"https:\/\/fresenspegel.de\/index.php?rest_route=%2Fwp%2Fv2%2Fcategories&post=1320"},{"taxonomy":"post_tag","embeddable":true,"href":"https:\/\/fresenspegel.de\/index.php?rest_route=%2Fwp%2Fv2%2Ftags&post=1320"}],"curies":[{"name":"wp","href":"https:\/\/api.w.org\/{rel}","templated":true}]}}