{"id":1285,"date":"2023-05-05T21:15:44","date_gmt":"2023-05-05T21:15:44","guid":{"rendered":"https:\/\/fresenspegel.de\/?p=1285"},"modified":"2023-12-23T20:04:11","modified_gmt":"2023-12-23T20:04:11","slug":"neugestaltung-des-buchenhof-in-westeraccum","status":"publish","type":"post","link":"https:\/\/fresenspegel.de\/?p=1285","title":{"rendered":"Neugestaltung des Buchenhof in Westeraccum"},"content":{"rendered":"\n<p>Ein Hof in Ostfriesland, unweit der K\u00fcsten wird durch seinen Besitzer zu Lebzeiten an die Gemeinde  mit Auflagen vermacht. Der Erblasser verstirbt. Dann taucht ein handschriftlich gefertigtes Testament auf. Die Staatsanwaltschaft wird nach einer Anzeige eingeschaltet und erhebt Anklage. Der Vorwurf, das Testament gilt nach einer graphologischen Untersuchung als gef\u00e4lscht und der beschuldigte T\u00e4ter erweist sich als gut integriertes Mitglied der Dorfgemeinschaft und sitzt in vielfachen \u00c4mtern im politischen Raum&#8230;  Ostfriesenkrimi? n\u00f6, eine Geschichte, die das Leben schreibt und bald vor dem Strafgericht verhandelt werden muss. Immerhin w\u00e4re das der Gemeinde zugedachte Erbe auf diesem Weg gestohlen worden. Die Gemeindevertreter und die Politik geben sich recht teilnahmslos. &#8222;Die Sache geht uns nichts an&#8230;&#8220; Man hat sich auf das Erbe eingestellt und da es dem Verblichenen ein Hauptanliegen war, den B\u00fcrgern der Region etwas anzubieten, nahm man Kontakt zu zwei Hochschulen auf. Mit Erfolg, am Freitag den 5. Mai 2023 traf man sich mit zwei Lehrbeauftragten und einer Gruppe Studenten vor Ort mit dem Ziel Entw\u00fcrfe f\u00fcr die zuk\u00fcnftige Nutzung zu erstellen. Unter der Bezeichnung \u201eSummerschool Buchenhof\u201c startet das Gemeinschaftsprojekt von der Gemeinde Dornum, dem Ostfriesland schmeckt nach Meer e.V., der Universit\u00e4t Vechta und der HAWK Hildesheim\/Holzminden\/G\u00f6ttingen. <\/p>\n\n\n\n<p>Nun steht man vor der Herausforderung den Willen der B\u00fcrger zu erforschen und zur Grundlage der Gestaltungsvorschl\u00e4ge zu machen. Wir sprachen in diesem Kontext mit dem begleitenden apl. Professor Dr. Karl Martin Born von der Universit\u00e4t Vechta: <\/p>\n\n\n\n<figure class=\"wp-block-image size-full wp-duotone-midnight-filter\"><img loading=\"lazy\" decoding=\"async\" width=\"440\" height=\"497\" src=\"https:\/\/fresenspegel.de\/wp-content\/uploads\/2023\/05\/profBorn-b.jpeg\" alt=\"\" class=\"wp-image-1292\" srcset=\"https:\/\/fresenspegel.de\/wp-content\/uploads\/2023\/05\/profBorn-b.jpeg 440w, https:\/\/fresenspegel.de\/wp-content\/uploads\/2023\/05\/profBorn-b-266x300.jpeg 266w\" sizes=\"auto, (max-width: 440px) 100vw, 440px\" \/><\/figure>\n\n\n\n<figure class=\"wp-block-audio\"><audio controls src=\"https:\/\/fresenspegel.de\/wp-content\/uploads\/2023\/05\/A_Born_230505_Buchenhof-b.mp3\"><\/audio><\/figure>\n\n\n\n<p class=\"has-text-align-center\"><em>Prof. Dr. Karl Martin Born am 5. 5. 2023 im Gespr\u00e4ch mit Hans-Joachim Steinsiek zur Methodik des &#8222;summerschool&#8220; Projektes<\/em><\/p>\n\n\n\n<figure class=\"wp-block-image aligncenter size-large wp-duotone-midnight-filter\"><img loading=\"lazy\" decoding=\"async\" width=\"450\" height=\"600\" src=\"https:\/\/fresenspegel.de\/wp-content\/uploads\/2023\/05\/DSCN2279-450x600.jpg\" alt=\"\" class=\"wp-image-1294\"\/><\/figure>\n\n\n\n<figure class=\"wp-block-image aligncenter size-large wp-duotone-midnight-filter\"><img loading=\"lazy\" decoding=\"async\" width=\"600\" height=\"136\" src=\"https:\/\/fresenspegel.de\/wp-content\/uploads\/2023\/05\/Onnennamensschild-600x136.jpg\" alt=\"\" class=\"wp-image-1295\" srcset=\"https:\/\/fresenspegel.de\/wp-content\/uploads\/2023\/05\/Onnennamensschild-600x136.jpg 600w, https:\/\/fresenspegel.de\/wp-content\/uploads\/2023\/05\/Onnennamensschild-300x68.jpg 300w, https:\/\/fresenspegel.de\/wp-content\/uploads\/2023\/05\/Onnennamensschild.jpg 668w\" sizes=\"auto, (max-width: 600px) 100vw, 600px\" \/><\/figure>\n\n\n\n<p>Konrad Onnen, der seinen jetzt der \u00d6ffentlichkeit vermachten Hof k\u00fcnstlerisch ausgestaltete, war eine vielseitige Pers\u00f6nlichkeit, \u00fcber die hier weiter zu berichten sein wird. <\/p>\n","protected":false},"excerpt":{"rendered":"<p>Ein Hof in Ostfriesland, unweit der K\u00fcsten wird durch seinen Besitzer zu Lebzeiten an die Gemeinde mit Auflagen vermacht. Der Erblasser verstirbt. Dann taucht ein handschriftlich gefertigtes Testament auf. Die Staatsanwaltschaft wird nach einer Anzeige eingeschaltet und erhebt Anklage. Der Vorwurf, das Testament gilt nach einer graphologischen Untersuchung als gef\u00e4lscht und der beschuldigte T\u00e4ter erweist [&hellip;]<\/p>\n","protected":false},"author":1,"featured_media":1287,"comment_status":"closed","ping_status":"closed","sticky":false,"template":"","format":"standard","meta":{"footnotes":""},"categories":[125,64],"tags":[391,98,392,390],"class_list":["post-1285","post","type-post","status-publish","format-standard","has-post-thumbnail","hentry","category-dornum","category-personen","tag-buchenhof","tag-dornum","tag-gulfhof","tag-konrad-onnen"],"_links":{"self":[{"href":"https:\/\/fresenspegel.de\/index.php?rest_route=\/wp\/v2\/posts\/1285","targetHints":{"allow":["GET"]}}],"collection":[{"href":"https:\/\/fresenspegel.de\/index.php?rest_route=\/wp\/v2\/posts"}],"about":[{"href":"https:\/\/fresenspegel.de\/index.php?rest_route=\/wp\/v2\/types\/post"}],"author":[{"embeddable":true,"href":"https:\/\/fresenspegel.de\/index.php?rest_route=\/wp\/v2\/users\/1"}],"replies":[{"embeddable":true,"href":"https:\/\/fresenspegel.de\/index.php?rest_route=%2Fwp%2Fv2%2Fcomments&post=1285"}],"version-history":[{"count":5,"href":"https:\/\/fresenspegel.de\/index.php?rest_route=\/wp\/v2\/posts\/1285\/revisions"}],"predecessor-version":[{"id":1296,"href":"https:\/\/fresenspegel.de\/index.php?rest_route=\/wp\/v2\/posts\/1285\/revisions\/1296"}],"wp:featuredmedia":[{"embeddable":true,"href":"https:\/\/fresenspegel.de\/index.php?rest_route=\/wp\/v2\/media\/1287"}],"wp:attachment":[{"href":"https:\/\/fresenspegel.de\/index.php?rest_route=%2Fwp%2Fv2%2Fmedia&parent=1285"}],"wp:term":[{"taxonomy":"category","embeddable":true,"href":"https:\/\/fresenspegel.de\/index.php?rest_route=%2Fwp%2Fv2%2Fcategories&post=1285"},{"taxonomy":"post_tag","embeddable":true,"href":"https:\/\/fresenspegel.de\/index.php?rest_route=%2Fwp%2Fv2%2Ftags&post=1285"}],"curies":[{"name":"wp","href":"https:\/\/api.w.org\/{rel}","templated":true}]}}