{"id":1133,"date":"2023-03-16T14:13:52","date_gmt":"2023-03-16T14:13:52","guid":{"rendered":"https:\/\/fresenspegel.de\/?p=1133"},"modified":"2023-12-23T20:05:57","modified_gmt":"2023-12-23T20:05:57","slug":"foerderung-des-ostfriesischen-kuestenabschnitts","status":"publish","type":"post","link":"https:\/\/fresenspegel.de\/?p=1133","title":{"rendered":"F\u00f6rderung des Ostfriesischen K\u00fcstenabschnitts und Einf\u00fchrung ins mediale Zeitalter&#8230;"},"content":{"rendered":"\n<p>Eine Informationsveranstaltung zum Thema &#8222;Dorfregion K\u00fcstenorte&#8220; am 15. 3. im &#8222;Sturmfrei&#8220; in Ne\u00dfmersiel wandte sich an die B\u00fcrger dieser Region. Und es fanden sich Interessierte. Abz\u00fcglich der Politik- und Parteivertreter, sowie der beruflich Beteiligten aus Verwaltung und Akteuren der Planer war es allerdings ein eher geringes B\u00fcrgeraufkommen. Die durch die Feuerwehr gereichten Bratw\u00fcrste und Getr\u00e4nke willkommen. Ein offenbares Novum bei einer \u00f6ffentlichen Veranstaltung in dieser Region allerdings der Hinweis, dass die Veranstaltung zu journalistischer Aufzeichnung f\u00fchrt. Wohl so neu, dass man im Vorfeld sich mit den drei beteiligten Gemeinden abstimmen musste, ob dieses Prozedere so durchf\u00fchrbar sei. Transparenz und journalistische Selbstverst\u00e4ndlichkeit, hier mit Neuigkeitswert. Sch\u00f6n, dass man es wagte und Hoffnung, dass sich die politische Kultur in dieser Gegend in einer Entwicklung befinden. So kann hier nun jeder B\u00fcrger unsere Aufzeichnung nachh\u00f6ren und mit Hilfe der angegebenen Links die erg\u00e4nzenden Grafiken betrachten.   <\/p>\n\n\n\n<p>Lena Nordhausen von der Sweco f\u00fchrte durch die Veranstaltung, es sprachen:<\/p>\n\n\n\n<p>Herr Eschenbacher von der ArL Weser-Ems \u00fcber die F\u00f6rderungen ZILE und LEADER <br>F\u00fcr Norden, vom Fachdienst Stadtentwicklung, Herr B\u00f6hmer \u00fcber Dorfgemeinschaftsh\u00e4user in Ostermarsch und Norddeich.<br>F\u00fcr Dornum B\u00fcrgermeister Tr\u00e4nnapp zum geplanten  Mehrfunktionshaus Ostdorf <br>F\u00fcr Hagermarsch Samtgemeindeb\u00fcrgermeister Sell zu Dorfgemeinschaftshaus und Au\u00dfenanlage.<br>Dieter Klaahsen, Leiter der Lenkungsgruppe. Fahrradwege im Gebiet der K\u00fcstenorte und sein kommentarloser \u00fcberraschender R\u00fccktritt als Leiter, was zu vielen Spekulationen f\u00fchrte.<\/p>\n\n\n\n<p>hier zum Audio der Veranstaltung: <a href=\"https:\/\/magentacloud.de\/s\/DDprWLBwyg3jqfA\" data-type=\"URL\" data-id=\"https:\/\/magentacloud.de\/s\/DDprWLBwyg3jqfA\">https:\/\/magentacloud.de\/s\/DDprWLBwyg3jqfA<\/a><\/p>\n\n\n\n<p>Weiter Informationen \u00fcber <a href=\"http:\/\/www.dorfregion-kuestenorte.de\">www.dorfregion-kuestenorte.de<\/a> <\/p>\n\n\n\n<figure class=\"wp-block-image size-large wp-duotone-midnight-filter\"><img loading=\"lazy\" decoding=\"async\" width=\"484\" height=\"600\" src=\"https:\/\/fresenspegel.de\/wp-content\/uploads\/2023\/03\/Nordhausen230315-484x600.jpg\" alt=\"\" class=\"wp-image-1147\" srcset=\"https:\/\/fresenspegel.de\/wp-content\/uploads\/2023\/03\/Nordhausen230315-484x600.jpg 484w, https:\/\/fresenspegel.de\/wp-content\/uploads\/2023\/03\/Nordhausen230315-242x300.jpg 242w, https:\/\/fresenspegel.de\/wp-content\/uploads\/2023\/03\/Nordhausen230315-768x952.jpg 768w, https:\/\/fresenspegel.de\/wp-content\/uploads\/2023\/03\/Nordhausen230315-1239x1536.jpg 1239w, https:\/\/fresenspegel.de\/wp-content\/uploads\/2023\/03\/Nordhausen230315-1200x1488.jpg 1200w, https:\/\/fresenspegel.de\/wp-content\/uploads\/2023\/03\/Nordhausen230315.jpg 1395w\" sizes=\"auto, (max-width: 484px) 100vw, 484px\" \/><figcaption class=\"wp-element-caption\">Lena Nordhausen<\/figcaption><\/figure>\n\n\n\n<figure class=\"wp-block-image size-large wp-duotone-midnight-filter\"><img loading=\"lazy\" decoding=\"async\" width=\"600\" height=\"480\" src=\"https:\/\/fresenspegel.de\/wp-content\/uploads\/2023\/03\/Eschenbacher230315-600x480.jpg\" alt=\"\" class=\"wp-image-1149\" srcset=\"https:\/\/fresenspegel.de\/wp-content\/uploads\/2023\/03\/Eschenbacher230315-600x480.jpg 600w, https:\/\/fresenspegel.de\/wp-content\/uploads\/2023\/03\/Eschenbacher230315-300x240.jpg 300w, https:\/\/fresenspegel.de\/wp-content\/uploads\/2023\/03\/Eschenbacher230315-768x615.jpg 768w, https:\/\/fresenspegel.de\/wp-content\/uploads\/2023\/03\/Eschenbacher230315-1200x961.jpg 1200w, https:\/\/fresenspegel.de\/wp-content\/uploads\/2023\/03\/Eschenbacher230315.jpg 1455w\" sizes=\"auto, (max-width: 600px) 100vw, 600px\" \/><figcaption class=\"wp-element-caption\">Herr Eschenbacher von der ArL Weser-Ems<\/figcaption><\/figure>\n\n\n\n<figure class=\"wp-block-image size-large wp-duotone-midnight-filter\"><img loading=\"lazy\" decoding=\"async\" width=\"529\" height=\"600\" src=\"https:\/\/fresenspegel.de\/wp-content\/uploads\/2023\/03\/Boehmer-529x600.jpg\" alt=\"\" class=\"wp-image-1150\" srcset=\"https:\/\/fresenspegel.de\/wp-content\/uploads\/2023\/03\/Boehmer-529x600.jpg 529w, https:\/\/fresenspegel.de\/wp-content\/uploads\/2023\/03\/Boehmer-265x300.jpg 265w, https:\/\/fresenspegel.de\/wp-content\/uploads\/2023\/03\/Boehmer-768x870.jpg 768w, https:\/\/fresenspegel.de\/wp-content\/uploads\/2023\/03\/Boehmer-1200x1360.jpg 1200w, https:\/\/fresenspegel.de\/wp-content\/uploads\/2023\/03\/Boehmer.jpg 1312w\" sizes=\"auto, (max-width: 529px) 100vw, 529px\" \/><figcaption class=\"wp-element-caption\">Fachdienst Stadtentwicklung Norden, Herr B\u00f6hmer<\/figcaption><\/figure>\n\n\n\n<figure class=\"wp-block-image size-large wp-duotone-midnight-filter\"><img loading=\"lazy\" decoding=\"async\" width=\"600\" height=\"537\" src=\"https:\/\/fresenspegel.de\/wp-content\/uploads\/2023\/03\/sell230315-600x537.jpg\" alt=\"\" class=\"wp-image-1151\" srcset=\"https:\/\/fresenspegel.de\/wp-content\/uploads\/2023\/03\/sell230315-600x537.jpg 600w, https:\/\/fresenspegel.de\/wp-content\/uploads\/2023\/03\/sell230315-300x268.jpg 300w, https:\/\/fresenspegel.de\/wp-content\/uploads\/2023\/03\/sell230315-768x687.jpg 768w, https:\/\/fresenspegel.de\/wp-content\/uploads\/2023\/03\/sell230315-1200x1073.jpg 1200w, https:\/\/fresenspegel.de\/wp-content\/uploads\/2023\/03\/sell230315.jpg 1437w\" sizes=\"auto, (max-width: 600px) 100vw, 600px\" \/><figcaption class=\"wp-element-caption\">Samtgemeindeb\u00fcrgermeister Hage, Herr<br> Sell<\/figcaption><\/figure>\n\n\n\n<figure class=\"wp-block-image size-large wp-duotone-midnight-filter\"><img loading=\"lazy\" decoding=\"async\" width=\"600\" height=\"410\" src=\"https:\/\/fresenspegel.de\/wp-content\/uploads\/2023\/03\/Traennapp230315-600x410.jpg\" alt=\"\" class=\"wp-image-1152\" srcset=\"https:\/\/fresenspegel.de\/wp-content\/uploads\/2023\/03\/Traennapp230315-600x410.jpg 600w, https:\/\/fresenspegel.de\/wp-content\/uploads\/2023\/03\/Traennapp230315-300x205.jpg 300w, https:\/\/fresenspegel.de\/wp-content\/uploads\/2023\/03\/Traennapp230315-768x525.jpg 768w, https:\/\/fresenspegel.de\/wp-content\/uploads\/2023\/03\/Traennapp230315-1536x1050.jpg 1536w, https:\/\/fresenspegel.de\/wp-content\/uploads\/2023\/03\/Traennapp230315-1200x820.jpg 1200w, https:\/\/fresenspegel.de\/wp-content\/uploads\/2023\/03\/Traennapp230315.jpg 1716w\" sizes=\"auto, (max-width: 600px) 100vw, 600px\" \/><figcaption class=\"wp-element-caption\">B\u00fcrgermeister Tr\u00e4nnapp, Dornum<\/figcaption><\/figure>\n\n\n\n<figure class=\"wp-block-image size-large wp-duotone-midnight-filter\"><img loading=\"lazy\" decoding=\"async\" width=\"600\" height=\"435\" src=\"https:\/\/fresenspegel.de\/wp-content\/uploads\/2023\/03\/Klaashen230315-600x435.jpg\" alt=\"\" class=\"wp-image-1153\" srcset=\"https:\/\/fresenspegel.de\/wp-content\/uploads\/2023\/03\/Klaashen230315-600x435.jpg 600w, https:\/\/fresenspegel.de\/wp-content\/uploads\/2023\/03\/Klaashen230315-300x217.jpg 300w, https:\/\/fresenspegel.de\/wp-content\/uploads\/2023\/03\/Klaashen230315-768x556.jpg 768w, https:\/\/fresenspegel.de\/wp-content\/uploads\/2023\/03\/Klaashen230315-1536x1113.jpg 1536w, https:\/\/fresenspegel.de\/wp-content\/uploads\/2023\/03\/Klaashen230315-2048x1484.jpg 2048w, https:\/\/fresenspegel.de\/wp-content\/uploads\/2023\/03\/Klaashen230315-1200x869.jpg 1200w, https:\/\/fresenspegel.de\/wp-content\/uploads\/2023\/03\/Klaashen230315-1980x1435.jpg 1980w\" sizes=\"auto, (max-width: 600px) 100vw, 600px\" \/><figcaption class=\"wp-element-caption\">Dieter Klaahsen, bisheriger Leiter der Lenkungsgruppe<\/figcaption><\/figure>\n\n\n\n<figure class=\"wp-block-image size-large wp-duotone-midnight-filter\"><img loading=\"lazy\" decoding=\"async\" width=\"600\" height=\"450\" src=\"https:\/\/fresenspegel.de\/wp-content\/uploads\/2023\/03\/Saal230315a-600x450.jpg\" alt=\"\" class=\"wp-image-1158\" srcset=\"https:\/\/fresenspegel.de\/wp-content\/uploads\/2023\/03\/Saal230315a-600x450.jpg 600w, https:\/\/fresenspegel.de\/wp-content\/uploads\/2023\/03\/Saal230315a-300x225.jpg 300w, https:\/\/fresenspegel.de\/wp-content\/uploads\/2023\/03\/Saal230315a-768x576.jpg 768w, https:\/\/fresenspegel.de\/wp-content\/uploads\/2023\/03\/Saal230315a-1536x1152.jpg 1536w, https:\/\/fresenspegel.de\/wp-content\/uploads\/2023\/03\/Saal230315a-2048x1536.jpg 2048w, https:\/\/fresenspegel.de\/wp-content\/uploads\/2023\/03\/Saal230315a-1200x900.jpg 1200w, https:\/\/fresenspegel.de\/wp-content\/uploads\/2023\/03\/Saal230315a-1980x1485.jpg 1980w\" sizes=\"auto, (max-width: 600px) 100vw, 600px\" \/><figcaption class=\"wp-element-caption\">Besucher aus drei Gemeinden und Vertreter aus Politik und Verwaltung<\/figcaption><\/figure>\n\n\n\n<figure class=\"wp-block-image size-large wp-duotone-midnight-filter\"><img loading=\"lazy\" decoding=\"async\" width=\"600\" height=\"450\" src=\"https:\/\/fresenspegel.de\/wp-content\/uploads\/2023\/03\/Saal230315b-600x450.jpg\" alt=\"\" class=\"wp-image-1160\" srcset=\"https:\/\/fresenspegel.de\/wp-content\/uploads\/2023\/03\/Saal230315b-600x450.jpg 600w, https:\/\/fresenspegel.de\/wp-content\/uploads\/2023\/03\/Saal230315b-300x225.jpg 300w, https:\/\/fresenspegel.de\/wp-content\/uploads\/2023\/03\/Saal230315b-768x576.jpg 768w, https:\/\/fresenspegel.de\/wp-content\/uploads\/2023\/03\/Saal230315b-1536x1152.jpg 1536w, https:\/\/fresenspegel.de\/wp-content\/uploads\/2023\/03\/Saal230315b-2048x1536.jpg 2048w, https:\/\/fresenspegel.de\/wp-content\/uploads\/2023\/03\/Saal230315b-1200x900.jpg 1200w, https:\/\/fresenspegel.de\/wp-content\/uploads\/2023\/03\/Saal230315b-1980x1485.jpg 1980w\" sizes=\"auto, (max-width: 600px) 100vw, 600px\" \/><\/figure>\n\n\n\n<p>(stk) Dieser Bericht erscheint u. a. in der Facebook-Gruppe &#8222;Dornumer Nachrichten&#8220;<\/p>\n","protected":false},"excerpt":{"rendered":"<p>Eine Informationsveranstaltung zum Thema &#8222;Dorfregion K\u00fcstenorte&#8220; am 15. 3. im &#8222;Sturmfrei&#8220; in Ne\u00dfmersiel wandte sich an die B\u00fcrger dieser Region. Und es fanden sich Interessierte. Abz\u00fcglich der Politik- und Parteivertreter, sowie der beruflich Beteiligten aus Verwaltung und Akteuren der Planer war es allerdings ein eher geringes B\u00fcrgeraufkommen. Die durch die Feuerwehr gereichten Bratw\u00fcrste und Getr\u00e4nke [&hellip;]<\/p>\n","protected":false},"author":1,"featured_media":1146,"comment_status":"closed","ping_status":"closed","sticky":false,"template":"","format":"standard","meta":{"footnotes":""},"categories":[125,25,18,10],"tags":[350,98,351,37],"class_list":["post-1133","post","type-post","status-publish","format-standard","has-post-thumbnail","hentry","category-dornum","category-kommunalpolitik","category-norden","category-orte","tag-dorfregion-kuestenorte","tag-dornum","tag-hagermarsch","tag-norden"],"_links":{"self":[{"href":"https:\/\/fresenspegel.de\/index.php?rest_route=\/wp\/v2\/posts\/1133","targetHints":{"allow":["GET"]}}],"collection":[{"href":"https:\/\/fresenspegel.de\/index.php?rest_route=\/wp\/v2\/posts"}],"about":[{"href":"https:\/\/fresenspegel.de\/index.php?rest_route=\/wp\/v2\/types\/post"}],"author":[{"embeddable":true,"href":"https:\/\/fresenspegel.de\/index.php?rest_route=\/wp\/v2\/users\/1"}],"replies":[{"embeddable":true,"href":"https:\/\/fresenspegel.de\/index.php?rest_route=%2Fwp%2Fv2%2Fcomments&post=1133"}],"version-history":[{"count":19,"href":"https:\/\/fresenspegel.de\/index.php?rest_route=\/wp\/v2\/posts\/1133\/revisions"}],"predecessor-version":[{"id":1166,"href":"https:\/\/fresenspegel.de\/index.php?rest_route=\/wp\/v2\/posts\/1133\/revisions\/1166"}],"wp:featuredmedia":[{"embeddable":true,"href":"https:\/\/fresenspegel.de\/index.php?rest_route=\/wp\/v2\/media\/1146"}],"wp:attachment":[{"href":"https:\/\/fresenspegel.de\/index.php?rest_route=%2Fwp%2Fv2%2Fmedia&parent=1133"}],"wp:term":[{"taxonomy":"category","embeddable":true,"href":"https:\/\/fresenspegel.de\/index.php?rest_route=%2Fwp%2Fv2%2Fcategories&post=1133"},{"taxonomy":"post_tag","embeddable":true,"href":"https:\/\/fresenspegel.de\/index.php?rest_route=%2Fwp%2Fv2%2Ftags&post=1133"}],"curies":[{"name":"wp","href":"https:\/\/api.w.org\/{rel}","templated":true}]}}