{"id":1098,"date":"2023-02-03T22:25:57","date_gmt":"2023-02-03T22:25:57","guid":{"rendered":"https:\/\/fresenspegel.de\/?p=1098"},"modified":"2023-12-23T20:05:57","modified_gmt":"2023-12-23T20:05:57","slug":"georg-murra-regner-aus-dornum-erhaelt-das-bundesverdienstkreuz","status":"publish","type":"post","link":"https:\/\/fresenspegel.de\/?p=1098","title":{"rendered":"Georg Murra-Regner aus Dornum erh\u00e4lt das Bundesverdienstkreuz"},"content":{"rendered":"\n<p>F\u00fcr seine herausragenden Leistungen hat Bundespr\u00e4sident Frank-Walter Steinmeier Georg Murra-Regner das Verdienstkreuz am Bande des Verdienstordens der Bundesrepublik Deutschland verliehen. <\/p>\n\n\n\n<p>Georg Murra-Regner ist ein \u00fcber die Grenzen Ostfriesland hinaus bekannter Autor vieler B\u00fccher im Bereich der J\u00fcdischen Lokalgeschichte. Wir stellten hier einige seiner Werke im Interview vor. <\/p>\n\n\n\n<p>Landrat Olaf Meinen wird den Orden und die Verleihungsurkunde am Montag, den 27. Februar um 15 Uhr im Rahmen einer Teetafel in Dornum \u00fcberreichen. <\/p>\n\n\n\n<p>&#8222;Fresenspegel&#8220; und die Redaktion der Dornumer Nachrichten gratulieren Georg Murra-Regner zu der Ehrung und w\u00fcnschen weiterhin frohes Schaffen. <\/p>\n\n\n\n<p>(stk)<\/p>\n\n\n\n<p>Foto: erle, Georg Murrar-Regner mit einem seiner neueren Werke<\/p>\n","protected":false},"excerpt":{"rendered":"<p>F\u00fcr seine herausragenden Leistungen hat Bundespr\u00e4sident Frank-Walter Steinmeier Georg Murra-Regner das Verdienstkreuz am Bande des Verdienstordens der Bundesrepublik Deutschland verliehen. Georg Murra-Regner ist ein \u00fcber die Grenzen Ostfriesland hinaus bekannter Autor vieler B\u00fccher im Bereich der J\u00fcdischen Lokalgeschichte. Wir stellten hier einige seiner Werke im Interview vor. Landrat Olaf Meinen wird den Orden und die [&hellip;]<\/p>\n","protected":false},"author":1,"featured_media":899,"comment_status":"closed","ping_status":"closed","sticky":false,"template":"","format":"standard","meta":{"footnotes":""},"categories":[125,206,64],"tags":[],"class_list":["post-1098","post","type-post","status-publish","format-standard","has-post-thumbnail","hentry","category-dornum","category-ereignisse","category-personen"],"_links":{"self":[{"href":"https:\/\/fresenspegel.de\/index.php?rest_route=\/wp\/v2\/posts\/1098","targetHints":{"allow":["GET"]}}],"collection":[{"href":"https:\/\/fresenspegel.de\/index.php?rest_route=\/wp\/v2\/posts"}],"about":[{"href":"https:\/\/fresenspegel.de\/index.php?rest_route=\/wp\/v2\/types\/post"}],"author":[{"embeddable":true,"href":"https:\/\/fresenspegel.de\/index.php?rest_route=\/wp\/v2\/users\/1"}],"replies":[{"embeddable":true,"href":"https:\/\/fresenspegel.de\/index.php?rest_route=%2Fwp%2Fv2%2Fcomments&post=1098"}],"version-history":[{"count":4,"href":"https:\/\/fresenspegel.de\/index.php?rest_route=\/wp\/v2\/posts\/1098\/revisions"}],"predecessor-version":[{"id":1102,"href":"https:\/\/fresenspegel.de\/index.php?rest_route=\/wp\/v2\/posts\/1098\/revisions\/1102"}],"wp:featuredmedia":[{"embeddable":true,"href":"https:\/\/fresenspegel.de\/index.php?rest_route=\/wp\/v2\/media\/899"}],"wp:attachment":[{"href":"https:\/\/fresenspegel.de\/index.php?rest_route=%2Fwp%2Fv2%2Fmedia&parent=1098"}],"wp:term":[{"taxonomy":"category","embeddable":true,"href":"https:\/\/fresenspegel.de\/index.php?rest_route=%2Fwp%2Fv2%2Fcategories&post=1098"},{"taxonomy":"post_tag","embeddable":true,"href":"https:\/\/fresenspegel.de\/index.php?rest_route=%2Fwp%2Fv2%2Ftags&post=1098"}],"curies":[{"name":"wp","href":"https:\/\/api.w.org\/{rel}","templated":true}]}}