{"id":1039,"date":"2022-12-02T22:41:41","date_gmt":"2022-12-02T22:41:41","guid":{"rendered":"https:\/\/fresenspegel.de\/?p=1039"},"modified":"2023-12-23T20:07:24","modified_gmt":"2023-12-23T20:07:24","slug":"kirchenasyl-fuer-dornumer-arbeiterwohlfahrt","status":"publish","type":"post","link":"https:\/\/fresenspegel.de\/?p=1039","title":{"rendered":"Kirchenasyl f\u00fcr Dornumer Arbeiterwohlfahrt?"},"content":{"rendered":"\n<pre class=\"wp-block-verse has-text-align-center\"><strong>\"F\u00fchlen sich einzelne Menschen und ganze Gruppen dauerhaft ausgeschlossen und einsam, ger\u00e4t auch das demokratische Miteinander in Gefahr.\"\n\nAWO-Bundesvorsitzende Brigitte D\u00f6cker<\/strong><\/pre>\n\n\n\n<p>64 \u00fcberwiegend \u00e4ltere Senioren der AWO Nesse haben in Dornum keinen festen Versammlungsraum. Siegfried Freese ist ein engagierter Mann, der sich f\u00fcr seine Gruppe auch \u00f6ffentlich \u00e4u\u00dfert. Hintergrund ist die R\u00e4umung der bisherigen Bleibe in 2020, als ein Neubau der Kita auf dem Plan stand. Zu jenem Zeitpunkt hat man nach Freeses Aussagen den \u00e4lteren Leuten versprochen, im Neubau eine neue Bleibe zu bieten. Doch bis heute gibt es keinen Platz f\u00fcr die Gruppe. Siegfried Freese f\u00fchlt sich von der Gemeinde und dem B\u00fcrgermeister im Stich gelassen. Ein zwischenzeitliches Angebot gegen Miete sich im Kirchensaal zu treffen ist wegen der Kosten nicht annehmbar. <\/p>\n\n\n\n<p>Wir sprachen mit Siegfried Freesen: <\/p>\n\n\n\n<figure class=\"wp-block-audio\"><audio controls src=\"https:\/\/fresenspegel.de\/wp-content\/uploads\/2022\/12\/Freesen-221130-b.mp3\"><\/audio><figcaption>Siegfried Freesen am 30. 11. 2020 im Gespr\u00e4ch mit Hans-Joachim Steinsiek.<\/figcaption><\/figure>\n","protected":false},"excerpt":{"rendered":"<p>&#8222;F\u00fchlen sich einzelne Menschen und ganze Gruppen dauerhaft ausgeschlossen und einsam, ger\u00e4t auch das demokratische Miteinander in Gefahr.&#8220; AWO-Bundesvorsitzende Brigitte D\u00f6cker 64 \u00fcberwiegend \u00e4ltere Senioren der AWO Nesse haben in Dornum keinen festen Versammlungsraum. Siegfried Freese ist ein engagierter Mann, der sich f\u00fcr seine Gruppe auch \u00f6ffentlich \u00e4u\u00dfert. Hintergrund ist die R\u00e4umung der bisherigen Bleibe [&hellip;]<\/p>\n","protected":false},"author":1,"featured_media":1042,"comment_status":"closed","ping_status":"closed","sticky":false,"template":"","format":"standard","meta":{"footnotes":""},"categories":[125,234,64,53],"tags":[316,317,320,319,187,318],"class_list":["post-1039","post","type-post","status-publish","format-standard","has-post-thumbnail","hentry","category-dornum","category-parteien","category-personen","category-soziales","tag-awo","tag-awo-dornum","tag-kirchenasyl","tag-siegfried-freesen","tag-spd-dornum","tag-uwetraennapp"],"_links":{"self":[{"href":"https:\/\/fresenspegel.de\/index.php?rest_route=\/wp\/v2\/posts\/1039","targetHints":{"allow":["GET"]}}],"collection":[{"href":"https:\/\/fresenspegel.de\/index.php?rest_route=\/wp\/v2\/posts"}],"about":[{"href":"https:\/\/fresenspegel.de\/index.php?rest_route=\/wp\/v2\/types\/post"}],"author":[{"embeddable":true,"href":"https:\/\/fresenspegel.de\/index.php?rest_route=\/wp\/v2\/users\/1"}],"replies":[{"embeddable":true,"href":"https:\/\/fresenspegel.de\/index.php?rest_route=%2Fwp%2Fv2%2Fcomments&post=1039"}],"version-history":[{"count":6,"href":"https:\/\/fresenspegel.de\/index.php?rest_route=\/wp\/v2\/posts\/1039\/revisions"}],"predecessor-version":[{"id":1048,"href":"https:\/\/fresenspegel.de\/index.php?rest_route=\/wp\/v2\/posts\/1039\/revisions\/1048"}],"wp:featuredmedia":[{"embeddable":true,"href":"https:\/\/fresenspegel.de\/index.php?rest_route=\/wp\/v2\/media\/1042"}],"wp:attachment":[{"href":"https:\/\/fresenspegel.de\/index.php?rest_route=%2Fwp%2Fv2%2Fmedia&parent=1039"}],"wp:term":[{"taxonomy":"category","embeddable":true,"href":"https:\/\/fresenspegel.de\/index.php?rest_route=%2Fwp%2Fv2%2Fcategories&post=1039"},{"taxonomy":"post_tag","embeddable":true,"href":"https:\/\/fresenspegel.de\/index.php?rest_route=%2Fwp%2Fv2%2Ftags&post=1039"}],"curies":[{"name":"wp","href":"https:\/\/api.w.org\/{rel}","templated":true}]}}